{"id":65169,"date":"2013-05-13T10:38:13","date_gmt":"2013-05-13T13:38:13","guid":{"rendered":"http:\/\/www.r2cpress.com.br\/v1\/?p=65169"},"modified":"2013-05-13T13:15:52","modified_gmt":"2013-05-13T16:15:52","slug":"bilhete-para-jabes","status":"publish","type":"post","link":"https:\/\/www.r2cpress.com.br\/v1\/2013\/05\/13\/bilhete-para-jabes\/","title":{"rendered":"Bilhete para Jabes"},"content":{"rendered":"<p><img loading=\"lazy\" src=\"http:\/\/www.r2cpress.com.br\/v1\/wp-content\/uploads\/Rabat-branco.jpg\" width=\"300\" height=\"353\" class=\"alignleft\" \/><strong>Ol\u00e1,  Jabes<br \/>\nPaz e Luz!<\/strong><br \/>\n&#8212;<br \/>\nPassei um bom tempo cobrando de Newton informa\u00e7\u00f5es reais\/verdadeiras da movimenta\u00e7\u00e3o financeira da prefeitura. A exemplo da grande maioria, depois de ficar com calo nos dedos, desist\u00ed.<br \/>\nA  raz\u00e3o disso, dessa troca de informa\u00e7\u00f5es \u00e9 importante para ter, no m\u00ednimo, a aten\u00e7\u00e3o do povo centrada nesse tema: receita e despesa.<\/p>\n<p>Logo no in\u00edcio da sua administra\u00e7\u00e3o ficou evidenciado que as informa\u00e7\u00f5es seriam distribu\u00eddas para, assim, inaugurar um verdadeiro caminhar juntos.<\/p>\n<p>Observe, caro Jabes, que a popula\u00e7\u00e3o j\u00e1 sinaliza para um profundo descontentamento porque n\u00e3o sabe o que realmente acontece com as finan\u00e7as que n\u00e3o s\u00e3o suficientes para fazer frente ao b\u00e1sico. Especificamente falando: coleta de lixo e limpeza da cidade. <\/p>\n<p>\u00c9 evidente que \u00e9 a falta de dinheiro para pagar a empresa respons\u00e1vel pela coleta que est\u00e1 provocando essa imundice que tomou conta da cidade. Nos \u00faltimos dias a cidade dorme e acorda  com essa decora\u00e7\u00e3o que  promove desesperan\u00e7a que associada a essa, vem a descren\u00e7a de que viveremos dias melhores se compararmos com a malfadada administra\u00e7\u00e3o anterior.<\/p>\n<p>O outro se fechou e achou que n\u00e3o devia explica\u00e7\u00f5es. Ne\u00f3fito para a pol\u00edtica mas, s\u00e1bio para outras coisas, ele deixou esse lastim\u00e1vel estado de coisas perdurar dando uma banana para o povo e flores para os que foram promvidos rapidamente at\u00e9 a grandes e leais AMIGOS &#8230;  (Nem vou dizer o que acho)&#8230;<\/p>\n<p><!--more--><\/p>\n<p>Voc\u00ea, sabemos, tem muita experi\u00eancia pol\u00edtico\/administrativo. Isso \u00e9 fato. O seu choror\u00f4 j\u00e1 virou motivo de goza\u00e7\u00e3o (governador e secret\u00e1rio de sa\u00fade). Essa lamenta\u00e7\u00e3o n\u00e3o est\u00e1 emplacando no meio do povo que apostou e acreditou. Voc\u00ea n\u00e3o \u00e9 burro. Pelo contr\u00e1rio \u00e9 de uma intelig\u00eancia privilegiada. <strong>Ent\u00e3o o que est\u00e1, VERDADEIRAMENTE, acontecendo?<\/strong><\/p>\n<p>Deixar a popula\u00e7\u00e3o, que foi emplacada de parceira na sua administra\u00e7\u00e3o, sem saber realmente o que est\u00e1 acontecendo \u00e9 de uma temeridade sem limites. Esse descontentamento (por falta de informa\u00e7\u00f5es) est\u00e1 ganhando corpo, os seus secret\u00e1rios est\u00e3o com m\u00e3os e p\u00e9s atados, a apatia come\u00e7a a cobrir o pal\u00e1cio e a tend\u00eancia ser\u00e1 uma bombardeio em cima de voc\u00ea, da sua administra\u00e7\u00e3o, os secret\u00e1rio passar\u00e3o a ser chamados de incompetentes, enfim, a coisa vai mais cedo para a incredulidade do que o mais otimista possa estar apostando.<\/p>\n<p>Pode acreditar neste bilhete porque, aqui na REDA\u00c7\u00c3O, chegam centenas de mensagens de descontentamento e , umas at\u00e9, bastante contundentes. Sua administra\u00e7\u00e3o, neste in\u00edcio &#8211; por assim dizer &#8211; est\u00e1 caindo na descren\u00e7a popular e se tem um caminho para diminuir essa desesperan\u00e7a &#8211; que cresce por hora &#8211;  \u00e9 mostrar, REGULARMENTE, a VERDADEIRA situa\u00e7\u00e3o que deve ser NUA e CRUA porque, somente assim, <strong>novos prazos ser\u00e3o dados<\/strong>.<\/p>\n<p>Espero, pelo bem da cidade, que essa parceria, <strong>GOVERNO e SOCIEDADE<\/strong> seja fortalecida porque, no isolamento, ser\u00e1 o caminho mais curto para pipocar  &#8211; com grande intensidade &#8211;  uma <strong>revolta popular.<\/strong><\/p>\n<p>Grande e fraternal abra\u00e7o e fique com <strong>DEUS <\/strong>(Sempre!).<\/p>\n<p>Com votos de <strong>sucesso<\/strong>,<br \/>\nRabat.<\/p>\n","protected":false},"excerpt":{"rendered":"<p>Ol\u00e1, Jabes Paz e Luz! &#8212; Passei um bom tempo cobrando de Newton informa\u00e7\u00f5es reais\/verdadeiras da movimenta\u00e7\u00e3o financeira da prefeitura. A exemplo da grande maioria, depois de ficar com calo nos dedos, desist\u00ed. A raz\u00e3o disso, dessa troca de informa\u00e7\u00f5es \u00e9 importante para ter, no m\u00ednimo, a aten\u00e7\u00e3o do povo centrada nesse tema: receita e [&hellip;]<\/p>\n","protected":false},"author":2,"featured_media":0,"comment_status":"open","ping_status":"open","sticky":false,"template":"","format":"standard","meta":{"_links_to":"","_links_to_target":""},"categories":[20],"tags":[],"_links":{"self":[{"href":"https:\/\/www.r2cpress.com.br\/v1\/wp-json\/wp\/v2\/posts\/65169"}],"collection":[{"href":"https:\/\/www.r2cpress.com.br\/v1\/wp-json\/wp\/v2\/posts"}],"about":[{"href":"https:\/\/www.r2cpress.com.br\/v1\/wp-json\/wp\/v2\/types\/post"}],"author":[{"embeddable":true,"href":"https:\/\/www.r2cpress.com.br\/v1\/wp-json\/wp\/v2\/users\/2"}],"replies":[{"embeddable":true,"href":"https:\/\/www.r2cpress.com.br\/v1\/wp-json\/wp\/v2\/comments?post=65169"}],"version-history":[{"count":10,"href":"https:\/\/www.r2cpress.com.br\/v1\/wp-json\/wp\/v2\/posts\/65169\/revisions"}],"predecessor-version":[{"id":65179,"href":"https:\/\/www.r2cpress.com.br\/v1\/wp-json\/wp\/v2\/posts\/65169\/revisions\/65179"}],"wp:attachment":[{"href":"https:\/\/www.r2cpress.com.br\/v1\/wp-json\/wp\/v2\/media?parent=65169"}],"wp:term":[{"taxonomy":"category","embeddable":true,"href":"https:\/\/www.r2cpress.com.br\/v1\/wp-json\/wp\/v2\/categories?post=65169"},{"taxonomy":"post_tag","embeddable":true,"href":"https:\/\/www.r2cpress.com.br\/v1\/wp-json\/wp\/v2\/tags?post=65169"}],"curies":[{"name":"wp","href":"https:\/\/api.w.org\/{rel}","templated":true}]}}