{"id":65248,"date":"2013-05-14T09:33:20","date_gmt":"2013-05-14T12:33:20","guid":{"rendered":"http:\/\/www.r2cpress.com.br\/v1\/?p=65248"},"modified":"2013-05-14T09:33:20","modified_gmt":"2013-05-14T12:33:20","slug":"projeto-de-lei-do-vereador-cosme-araujo-reconhece-dia-7-de-junho-como-dia-dedicado-aos-blogueiros-ilheenses","status":"publish","type":"post","link":"https:\/\/www.r2cpress.com.br\/v1\/2013\/05\/14\/projeto-de-lei-do-vereador-cosme-araujo-reconhece-dia-7-de-junho-como-dia-dedicado-aos-blogueiros-ilheenses\/","title":{"rendered":"PROJETO DE LEI DO VEREADOR COSME ARA\u00daJO RECONHECE DIA 7 DE JUNHO, COMO DIA DEDICADO AOS BLOGUEIROS ILHEENSES."},"content":{"rendered":"<p>Como advogado atuante e defensor da liberdade de express\u00e3o e imprensa, o vereador ilheense, COSME ARA\u00daJO, prepara Projeto de Lei que ser\u00e1 enviado ainda nesta semana, consagrando o dia 7 de junho (pode mudar), como o Dia Municipal do Blogueiro.<br \/>\nNo Brasil, esta data \u00e9 dedicada apenas na Capital Federal, num projeto da Deputada distrital, Luzia de Paula.<br \/>\n&#8220;Os jornalistas, os radialistas e os publicit\u00e1rios j\u00e1 s\u00e3o profiss\u00f5es regulamentas e j\u00e1 tem os seus dias de comemora\u00e7\u00e3o. Por ainda n\u00e3o ser uma categoria devidamente regulamentada por lei, n\u00e3o \u00e9 justo que os blogueiros n\u00e3o tenham o seu dia de homenagem&#8221;, pontua o autor do projeto, vereador Cosme Ara\u00fajo.<\/p>\n","protected":false},"excerpt":{"rendered":"<p>Como advogado atuante e defensor da liberdade de express\u00e3o e imprensa, o vereador ilheense, COSME ARA\u00daJO, prepara Projeto de Lei que ser\u00e1 enviado ainda nesta semana, consagrando o dia 7 de junho (pode mudar), como o Dia Municipal do Blogueiro. No Brasil, esta data \u00e9 dedicada apenas na Capital Federal, num projeto da Deputada distrital, [&hellip;]<\/p>\n","protected":false},"author":2,"featured_media":0,"comment_status":"open","ping_status":"open","sticky":false,"template":"","format":"standard","meta":{"_links_to":"","_links_to_target":""},"categories":[22],"tags":[],"_links":{"self":[{"href":"https:\/\/www.r2cpress.com.br\/v1\/wp-json\/wp\/v2\/posts\/65248"}],"collection":[{"href":"https:\/\/www.r2cpress.com.br\/v1\/wp-json\/wp\/v2\/posts"}],"about":[{"href":"https:\/\/www.r2cpress.com.br\/v1\/wp-json\/wp\/v2\/types\/post"}],"author":[{"embeddable":true,"href":"https:\/\/www.r2cpress.com.br\/v1\/wp-json\/wp\/v2\/users\/2"}],"replies":[{"embeddable":true,"href":"https:\/\/www.r2cpress.com.br\/v1\/wp-json\/wp\/v2\/comments?post=65248"}],"version-history":[{"count":2,"href":"https:\/\/www.r2cpress.com.br\/v1\/wp-json\/wp\/v2\/posts\/65248\/revisions"}],"predecessor-version":[{"id":65250,"href":"https:\/\/www.r2cpress.com.br\/v1\/wp-json\/wp\/v2\/posts\/65248\/revisions\/65250"}],"wp:attachment":[{"href":"https:\/\/www.r2cpress.com.br\/v1\/wp-json\/wp\/v2\/media?parent=65248"}],"wp:term":[{"taxonomy":"category","embeddable":true,"href":"https:\/\/www.r2cpress.com.br\/v1\/wp-json\/wp\/v2\/categories?post=65248"},{"taxonomy":"post_tag","embeddable":true,"href":"https:\/\/www.r2cpress.com.br\/v1\/wp-json\/wp\/v2\/tags?post=65248"}],"curies":[{"name":"wp","href":"https:\/\/api.w.org\/{rel}","templated":true}]}}