{"id":65321,"date":"2013-05-15T20:01:58","date_gmt":"2013-05-15T23:01:58","guid":{"rendered":"http:\/\/www.r2cpress.com.br\/v1\/?p=65321"},"modified":"2013-05-15T20:01:58","modified_gmt":"2013-05-15T23:01:58","slug":"prefeitura-de-ilheus-19","status":"publish","type":"post","link":"https:\/\/www.r2cpress.com.br\/v1\/2013\/05\/15\/prefeitura-de-ilheus-19\/","title":{"rendered":"Prefeitura de Ilh\u00e9us"},"content":{"rendered":"<p><center><div id=\"attachment_65322\" style=\"width: 514px\" class=\"wp-caption aligncenter\"><a href=\"http:\/\/www.r2cpress.com.br\/v1\/wp-content\/uploads\/CAPA-R2CPRESS139.jpg\"><img aria-describedby=\"caption-attachment-65322\" loading=\"lazy\" src=\"http:\/\/www.r2cpress.com.br\/v1\/wp-content\/uploads\/CAPA-R2CPRESS139.jpg\" alt=\"Fotos: SECOM-ILH\u00c9US. MONT\/R2CPRESS.\" width=\"504\" height=\"504\" class=\"size-full wp-image-65322\" srcset=\"https:\/\/www.r2cpress.com.br\/v1\/wp-content\/uploads\/CAPA-R2CPRESS139.jpg 504w, https:\/\/www.r2cpress.com.br\/v1\/wp-content\/uploads\/CAPA-R2CPRESS139-150x150.jpg 150w, https:\/\/www.r2cpress.com.br\/v1\/wp-content\/uploads\/CAPA-R2CPRESS139-300x300.jpg 300w\" sizes=\"(max-width: 504px) 100vw, 504px\" \/><\/a><p id=\"caption-attachment-65322\" class=\"wp-caption-text\">Fotos: SECOM-ILH\u00c9US. MONT\/R2CPRESS.<\/p><\/div><br \/>\n<strong>Teot\u00f4nio Vilela faz festa para as m\u00e3es no pr\u00f3ximo domingo<br \/>\nPrefeito de Ilh\u00e9us conhece projeto de cl\u00ednica especializada em tratamento de c\u00e2ncer<br \/>\nS\u00e3o Jo\u00e3o dos Bairros estreia em Ilh\u00e9us neste domingo<br \/>\nPrefeito de Ilh\u00e9us defende flexibilidade da LRF<\/strong><\/center><\/p>\n<p><!--more--><\/p>\n<p>***<\/p>\n<p><strong>Teot\u00f4nio Vilela faz festa para as m\u00e3es no pr\u00f3ximo domingo<\/strong><\/p>\n<p>Ainda dentro do contexto das comemora\u00e7\u00f5es pelo Dia das M\u00e3es, o N\u00facleo S\u00f3cio-Cultural do bairro Teot\u00f4nio Vilela realizar\u00e1, no pr\u00f3ximo domingo, dia 18, o evento Brilha Vilela, na Avenida Central, a partir das 19 horas. Com o apoio da Secretaria Municipal de Desenvolvimento Social (SDS), a festa ter\u00e1 apresenta\u00e7\u00f5es de diversas modalidades de dan\u00e7a, artes marciais, brincadeiras com a participa\u00e7\u00e3o das m\u00e3es e sorteio.<\/p>\n<p>O Brilha Vilela tamb\u00e9m pretende incentivar a leitura, uma vez que divulgar\u00e1 o funcionamento da biblioteca comunit\u00e1ria, reativada em fevereiro e mantida pelo N\u00facleo. O Ponto de Leitura, nome que recebe a biblioteca, tem o apoio da Funda\u00e7\u00e3o Pedro Calmon, vinculada \u00e0 secretaria da Cultura do Estado da Bahia, cujo acervo possui 1.500 livros.<\/p>\n<p>Hist\u00f3rico &#8211; O N\u00facleo S\u00f3cio-Cultural foi fundado em 23 de mar\u00e7o de 2006, com o intuito de promover a cidadania, por meio de a\u00e7\u00f5es sociais envolvendo jovens e crian\u00e7as que vivem expostas \u00e0 vulnerabilidade social. O n\u00facleo atende a 150 crian\u00e7as e jovens, e est\u00e1 localizado na Rua Nossa Senhora da Concei\u00e7\u00e3o, n\u00b028. O centro \u00e9 aberto \u00e0 comunidade de segunda a s\u00e1bado, das 9 \u00e0s 21 horas.<\/p>\n<p><strong>Prefeito de Ilh\u00e9us conhece projeto de cl\u00ednica especializada em tratamento de c\u00e2ncer<\/strong><\/p>\n<p>O prefeito de Ilh\u00e9us, Jabes Ribeiro, ao lado da secret\u00e1ria municipal de Sa\u00fade, Led\u00edvia Espinheira, conheceu nesta semana o projeto de implanta\u00e7\u00e3o de uma unidade da cl\u00ednica Multidisciplinar de Assist\u00eancia em Oncologia (AMO) em Ilh\u00e9us, cujas atividades est\u00e3o previstas para iniciar no final deste ano.  \u201cEste \u00e9 mais um investimento que chega \u00e0 cidade, neste ano, mostrando a nossa capacidade de acolher v\u00e1rios tipos de empreendimentos, e este, especialmente, vai suprir uma grande lacuna na \u00e1rea de sa\u00fade no nosso munic\u00edpio e de toda a regi\u00e3o sul\u201d, observa o prefeito.<\/p>\n<p>Com 20 anos de atua\u00e7\u00e3o, o grupo oferece o maior servi\u00e7o de tratamento de c\u00e2ncer do Estado e possui duas unidades na capital, Salvador, e uma no munic\u00edpio de Santo Ant\u00f4nio de Jesus. A unidade de Ilh\u00e9us j\u00e1 est\u00e1 em fase de constru\u00e7\u00e3o na Avenida Soares Lopes. A AMO trabalha com os principais planos de sa\u00fade vigentes no Pa\u00eds.  <\/p>\n<p><strong>S\u00e3o Jo\u00e3o dos Bairros estreia em Ilh\u00e9us neste domingo<\/strong><\/p>\n<p>O projeto S\u00e3o Jo\u00e3o dos Bairros far\u00e1 sua estreia em Ilh\u00e9us, neste domingo, 19, com uma grande festa na Pra\u00e7a S\u00e3o Jo\u00e3o, no Pontal, a partir das 16 horas. Est\u00e3o confirmadas as apresenta\u00e7\u00f5es das bandas Xote Apimentado e Mel de Forr\u00f3. O evento \u00e9 uma promo\u00e7\u00e3o da TV Santa Cruz, em parceria com as prefeituras dos munic\u00edpios de Ilh\u00e9us e de Itabuna.<\/p>\n<p>Na semana passada, o projeto teve in\u00edcio em Itabuna, no bairro da Urbis IV. No munic\u00edpio itabunense haver\u00e1 mais duas edi\u00e7\u00f5es do evento, nos bairros da Concei\u00e7\u00e3o (26\/05) e de F\u00e1tima (09\/06), intercaladas com a realiza\u00e7\u00e3o da festa em Ilh\u00e9us, nos bairros da Barra (02\/06) e de Oliven\u00e7a (16\/06). No ano passado, o projeto ocorreu nos bairros do Malhado, Teot\u00f4nio Vilela e Oliven\u00e7a (Ilh\u00e9us) e nos bairros da Calif\u00f3rnia, Sarinha e Ferradas (Itabuna).  <\/p>\n<p>Esta ser\u00e1 a primeira vez que o S\u00e3o Jo\u00e3o dos Bairros, em Ilh\u00e9us, \u00e9 realizado no Pontal, exatamente na Pra\u00e7a S\u00e3o Jo\u00e3o Batista, batizada com esse nome em homenagem ao santo que motiva as festas juninas.  A supervisora de Marketing da TV Santa Cruz, Lacivane Barreto, informou que outras atra\u00e7\u00f5es se apresentar\u00e3o no local, a exemplo do grupo Space Dance e das quadrilhas Dinossauros e Traquinos do Forr\u00f3.<\/p>\n<p> Infraestrutura \u2013 No entorno da Pra\u00e7a S\u00e3o Jo\u00e3o Batista ser\u00e3o instalados sanit\u00e1rios qu\u00edmicos, \u00e1rea de alimenta\u00e7\u00e3o, barracas para a venda de comidas e bebidas t\u00edpicas, ornamenta\u00e7\u00e3o e outros acess\u00f3rios. Haver\u00e1 ainda a realiza\u00e7\u00e3o do concurso da rainha do milho e brincadeiras diversas.<\/p>\n<p>A expectativa \u00e9 de que a festa no Pontal atraia milhares de pessoas, considerando a tradi\u00e7\u00e3o junina do bairro e a sua localiza\u00e7\u00e3o estrat\u00e9gica. Conforme o regulamento do S\u00e3o Jo\u00e3o dos Bairros, a localidade mais animada receber\u00e1 um trof\u00e9u. Do mesmo modo, a comunidade que se destacar nos quesitos participa\u00e7\u00e3o e organiza\u00e7\u00e3o tamb\u00e9m ser\u00e3o laureadas.<\/p>\n<p><strong>Prefeito de Ilh\u00e9us defende flexibilidade da LRF<\/strong><\/p>\n<p>O prefeito de Ilh\u00e9us, Jabes Ribeiro, defendeu a flexibilidade da Lei de Responsabilidade Fiscal em rela\u00e7\u00e3o \u00e0 aplica\u00e7\u00e3o de verbas nos programas sociais e a revis\u00e3o urgente do Pacto Federativo no pa\u00eds, durante a abertura do primeiro F\u00f3rum Itinerante de Assist\u00eancia Social do Litoral Sul, em raz\u00e3o das dificuldades financeiras que todos os munic\u00edpios do pa\u00eds atravessam. \u201cParte significativa dos recursos arrecadados fica com a Uni\u00e3o, quando na verdade deveria ser enviada aos munic\u00edpios\u201d, destacou o prefeito, ponderando que o governo federal acumula cerca de 70% dos recursos nacionais origin\u00e1rios de arrecada\u00e7\u00e3o de impostos e contribui\u00e7\u00f5es, mas repassa apenas 30% aos munic\u00edpios.<br \/>\nO evento, que se realiza durante toda esta ter\u00e7a-feira, dia 14, no Ilh\u00e9us Praia Hotel, \u00e9 promovido pelo F\u00f3rum Regional de Assist\u00eancia Social (FRAS). Na solenidade de abertura estavam autoridades regionais e representantes de munic\u00edpios da regi\u00e3o sul do Estado, da Universidade Estadual de Santa Cruz (UESC) e da Associa\u00e7\u00e3o dos Munic\u00edpios do Sul, Extremo-Sul e Sudoeste da Bahia (Amurc).<br \/>\nTamb\u00e9m na abertura, o secret\u00e1rio de Assist\u00eancia Social de Ilh\u00e9us e presidente do FRAS, Jamil Ock\u00e9, ressaltou a import\u00e2ncia da pol\u00edtica de assist\u00eancia social nos munic\u00edpios baianos, com avan\u00e7os em discuss\u00f5es voltadas para uma sociedade mais justa. \u201cDurante todo o dia de hoje, estamos discutindo teorias e procedimentos da pol\u00edtica de assist\u00eancia social, com \u00eanfase na Gest\u00e3o do Sistema \u00danico de Assist\u00eancia Social e seus avan\u00e7os na discuss\u00e3o do controle social\u201d, frisou.<\/p>\n","protected":false},"excerpt":{"rendered":"<p>Teot\u00f4nio Vilela faz festa para as m\u00e3es no pr\u00f3ximo domingo Prefeito de Ilh\u00e9us conhece projeto de cl\u00ednica especializada em tratamento de c\u00e2ncer S\u00e3o Jo\u00e3o dos Bairros estreia em Ilh\u00e9us neste domingo Prefeito de Ilh\u00e9us defende flexibilidade da LRF<\/p>\n","protected":false},"author":2,"featured_media":0,"comment_status":"open","ping_status":"open","sticky":false,"template":"","format":"standard","meta":{"_links_to":"","_links_to_target":""},"categories":[23],"tags":[],"_links":{"self":[{"href":"https:\/\/www.r2cpress.com.br\/v1\/wp-json\/wp\/v2\/posts\/65321"}],"collection":[{"href":"https:\/\/www.r2cpress.com.br\/v1\/wp-json\/wp\/v2\/posts"}],"about":[{"href":"https:\/\/www.r2cpress.com.br\/v1\/wp-json\/wp\/v2\/types\/post"}],"author":[{"embeddable":true,"href":"https:\/\/www.r2cpress.com.br\/v1\/wp-json\/wp\/v2\/users\/2"}],"replies":[{"embeddable":true,"href":"https:\/\/www.r2cpress.com.br\/v1\/wp-json\/wp\/v2\/comments?post=65321"}],"version-history":[{"count":2,"href":"https:\/\/www.r2cpress.com.br\/v1\/wp-json\/wp\/v2\/posts\/65321\/revisions"}],"predecessor-version":[{"id":65324,"href":"https:\/\/www.r2cpress.com.br\/v1\/wp-json\/wp\/v2\/posts\/65321\/revisions\/65324"}],"wp:attachment":[{"href":"https:\/\/www.r2cpress.com.br\/v1\/wp-json\/wp\/v2\/media?parent=65321"}],"wp:term":[{"taxonomy":"category","embeddable":true,"href":"https:\/\/www.r2cpress.com.br\/v1\/wp-json\/wp\/v2\/categories?post=65321"},{"taxonomy":"post_tag","embeddable":true,"href":"https:\/\/www.r2cpress.com.br\/v1\/wp-json\/wp\/v2\/tags?post=65321"}],"curies":[{"name":"wp","href":"https:\/\/api.w.org\/{rel}","templated":true}]}}