{"id":65325,"date":"2013-05-15T20:05:47","date_gmt":"2013-05-15T23:05:47","guid":{"rendered":"http:\/\/www.r2cpress.com.br\/v1\/?p=65325"},"modified":"2013-05-15T20:05:47","modified_gmt":"2013-05-15T23:05:47","slug":"alfredo-amorim-da-silveira-em-10taques-76","status":"publish","type":"post","link":"https:\/\/www.r2cpress.com.br\/v1\/2013\/05\/15\/alfredo-amorim-da-silveira-em-10taques-76\/","title":{"rendered":"Alfredo Amorim da Silveira em \u201c10TAQUES\u201d."},"content":{"rendered":"<div id=\"attachment_65326\" style=\"width: 231px\" class=\"wp-caption aligncenter\"><a href=\"http:\/\/www.r2cpress.com.br\/v1\/wp-content\/uploads\/Ananias-da-Silveira-D\u00f3rea.jpg\"><img aria-describedby=\"caption-attachment-65326\" loading=\"lazy\" class=\"size-full wp-image-65326\" alt=\"Ananias da Silveira D\u00f3rea\" src=\"http:\/\/www.r2cpress.com.br\/v1\/wp-content\/uploads\/Ananias-da-Silveira-D\u00f3rea.jpg\" width=\"221\" height=\"285\" \/><\/a><p id=\"caption-attachment-65326\" class=\"wp-caption-text\">Ananias da Silveira D\u00f3rea<\/p><\/div>\n<p><img loading=\"lazy\" class=\"alignleft\" alt=\"\" src=\"http:\/\/www.r2cpress.com.br\/v1\/wp-content\/uploads\/alfredo-amorim-nova.jpg\" width=\"300\" height=\"105\" \/>Filho de Jos\u00e9 da Costa D\u00f3rea e Ana Etelvina da Silveira D\u00f3rea, nasceu em Cristin\u00e1polis, Sergipe, em 28 de setembro de 1906, tinha vinte irm\u00e3os de dois casamentos de seu pai: do primeiro casamento eram dez: Alcino, Jakson, Luciano, Gumercindo, Nivalda, Marizete, Inah, Jos\u00e9 Filho, Adelaide, Carlos; do segundo casamento mais dez irm\u00e3os: Esmeraldo, Janira, Francisco, Abdon, Jo\u00e3o, Jos\u00e9, Ulysses, Manoel, Dalva e Raymundo, ele era o s\u00e9timo na hierarquia.<\/p>\n<p>Veio morar em Ilh\u00e9us em 1925, onde casou-se com Claire Maron em 26 de janeiro de 1944, n\u00e3o tiveram filhos, adotaram a sobrinha Vera, casada com Os\u00e9ias Gomes da Costa, \u00a0e filha de seu cunhado Walter Maron.<\/p>\n<p>Cacauicultor e banqueiro, foi um dos donos do Banco de Ilh\u00e9us S. A.<\/p>\n<p>Ocupou v\u00e1rios cargos em Ilh\u00e9us: Vice Presidente da Associa\u00e7\u00e3o Comercial; Presidente do Instituto de Cacau da Bahia duas vezes, no governo de Regis Pacheco, Lomanto Junior e Luis Vianna Filho; Diretor do Banco de Ilh\u00e9us; Presidente da Cooperativa Central; Vice Presidente da Sociedade An\u00f4nima Di\u00e1rio da Tarde; Presidente do Sindicato dos Cultivadores de Cacau de Ilh\u00e9us, Itabuna, Itajuipe e Ubaitaba; Presidente e fundador da Associa\u00e7\u00e3o Rural de Ilh\u00e9us; Presidente da Cruzada do Bem pelo Bem; Presidente do Rotary Clube de Ilh\u00e9us, duas vezes; Presidente da Associa\u00e7\u00e3o Comercial de Itabuna; Presidente da Loja Ma\u00e7\u00f4nica de Itabuna; Diretor da Cooperativa Mixta de Agricultores de Itabuna; Diretor da Desportiva de Itabuna; Membro do Conselho de Administra\u00e7\u00e3o do Banco do Estado da Bahia e do Conselho Fiscal do Banco de Desenvolvimento Econ\u00f4mico da Bahia; em 1962 foi Prefeito de Ilh\u00e9us, por 45 dias, por\u00a0 indica\u00e7\u00e3o da C\u00e2mara Municipal, no governo de Henrique Weyll Cardoso e Silva, de 8 de agosto a 7 de outubro do mesmo ano; S\u00f3cio fundador da firma Ananias D\u00f3rea e Irm\u00e3o; Conselheiro da Faculdade de Direito de Ilh\u00e9us; Presidente da Associa\u00e7\u00e3o Comercial de Ilh\u00e9us 1970\/71.<\/p>\n<p>Faleceu em Salvador em julho de 1993, onde est\u00e1 enterrado no Cemit\u00e9rio Jardim da Saudade.<\/p>\n","protected":false},"excerpt":{"rendered":"<p>Filho de Jos\u00e9 da Costa D\u00f3rea e Ana Etelvina da Silveira D\u00f3rea, nasceu em Cristin\u00e1polis, Sergipe, em 28 de setembro de 1906, tinha vinte irm\u00e3os de dois casamentos de seu pai: do primeiro casamento eram dez: Alcino, Jakson, Luciano, Gumercindo, Nivalda, Marizete, Inah, Jos\u00e9 Filho, Adelaide, Carlos; do segundo casamento mais dez irm\u00e3os: Esmeraldo, Janira, [&hellip;]<\/p>\n","protected":false},"author":2,"featured_media":0,"comment_status":"open","ping_status":"open","sticky":false,"template":"","format":"standard","meta":{"_links_to":"","_links_to_target":""},"categories":[10],"tags":[],"_links":{"self":[{"href":"https:\/\/www.r2cpress.com.br\/v1\/wp-json\/wp\/v2\/posts\/65325"}],"collection":[{"href":"https:\/\/www.r2cpress.com.br\/v1\/wp-json\/wp\/v2\/posts"}],"about":[{"href":"https:\/\/www.r2cpress.com.br\/v1\/wp-json\/wp\/v2\/types\/post"}],"author":[{"embeddable":true,"href":"https:\/\/www.r2cpress.com.br\/v1\/wp-json\/wp\/v2\/users\/2"}],"replies":[{"embeddable":true,"href":"https:\/\/www.r2cpress.com.br\/v1\/wp-json\/wp\/v2\/comments?post=65325"}],"version-history":[{"count":3,"href":"https:\/\/www.r2cpress.com.br\/v1\/wp-json\/wp\/v2\/posts\/65325\/revisions"}],"predecessor-version":[{"id":65329,"href":"https:\/\/www.r2cpress.com.br\/v1\/wp-json\/wp\/v2\/posts\/65325\/revisions\/65329"}],"wp:attachment":[{"href":"https:\/\/www.r2cpress.com.br\/v1\/wp-json\/wp\/v2\/media?parent=65325"}],"wp:term":[{"taxonomy":"category","embeddable":true,"href":"https:\/\/www.r2cpress.com.br\/v1\/wp-json\/wp\/v2\/categories?post=65325"},{"taxonomy":"post_tag","embeddable":true,"href":"https:\/\/www.r2cpress.com.br\/v1\/wp-json\/wp\/v2\/tags?post=65325"}],"curies":[{"name":"wp","href":"https:\/\/api.w.org\/{rel}","templated":true}]}}