{"id":65330,"date":"2013-05-15T20:10:39","date_gmt":"2013-05-15T23:10:39","guid":{"rendered":"http:\/\/www.r2cpress.com.br\/v1\/?p=65330"},"modified":"2013-05-15T20:10:39","modified_gmt":"2013-05-15T23:10:39","slug":"plano-de-desenvolvimento-da-apicultura-e-lancado-em-ilheus","status":"publish","type":"post","link":"https:\/\/www.r2cpress.com.br\/v1\/2013\/05\/15\/plano-de-desenvolvimento-da-apicultura-e-lancado-em-ilheus\/","title":{"rendered":"Plano de Desenvolvimento da Apicultura \u00e9 lan\u00e7ado em Ilh\u00e9us"},"content":{"rendered":"<p><b>(Ilh\u00e9us \u2013BA)<\/b> &#8211; O fortalecimento da agricultura familiar, a introdu\u00e7\u00e3o e consolida\u00e7\u00e3o de t\u00e9cnicas e m\u00e9todos na cria\u00e7\u00e3o de abelhas, desenvolvendo tecnologias para o incremento da produtividade e a melhoria da qualidade dos produtos s\u00e3o pontos fundamentais defendidos no Plano de Desenvolvimento da Apicultura na Bahia, lan\u00e7ado nesta quarta-feira (15), durante o V Congresso Baiano de Apicultura e Meliponicultura, que vai at\u00e9 sexta-feira (17) no Centro de Conven\u00e7\u00f5es de Ilh\u00e9us. O plano foi apresentado pelo superintendente de Agricultura Familiar (Suaf), da Seagri, Wilson Dias, que destacou a import\u00e2ncia social e econ\u00f4mica da iniciativa. \u201cEsta \u00e9 uma das cadeias mais importante do Estado, e nosso objetivo \u00e9 estimular seu crescimento, dando sustentabilidade\u201d.<\/p>\n<div id=\"attachment_65331\" style=\"width: 510px\" class=\"wp-caption aligncenter\"><a href=\"http:\/\/www.r2cpress.com.br\/v1\/wp-content\/uploads\/SEAGRI-ILH\u00c9US.jpg\"><img aria-describedby=\"caption-attachment-65331\" loading=\"lazy\" class=\"size-full wp-image-65331\" alt=\"ILH\u00c9US\" src=\"http:\/\/www.r2cpress.com.br\/v1\/wp-content\/uploads\/SEAGRI-ILH\u00c9US.jpg\" width=\"500\" height=\"333\" srcset=\"https:\/\/www.r2cpress.com.br\/v1\/wp-content\/uploads\/SEAGRI-ILH\u00c9US.jpg 500w, https:\/\/www.r2cpress.com.br\/v1\/wp-content\/uploads\/SEAGRI-ILH\u00c9US-300x199.jpg 300w\" sizes=\"(max-width: 500px) 100vw, 500px\" \/><\/a><p id=\"caption-attachment-65331\" class=\"wp-caption-text\">ILH\u00c9US<\/p><\/div>\n<p>O plano aponta para o aproveitamento das potencialidades do Estado para incrementar a renda das fam\u00edlias para que a produ\u00e7\u00e3o do mel e p\u00f3len seja utilizada, n\u00e3o apenas como rem\u00e9dio, mas, sobretudo, como alimento permanente e de qualidade na mesa dos brasileiros. Para isso, ele foi elaborado atrav\u00e9s de planejamento intensamente participativo, onde os protagonistas locais tiveram a oportunidade de catalogar, discutir e refletir os dados do diagn\u00f3stico realizado e construir a agenda de mudan\u00e7as.<\/p>\n<p><!--more--><\/p>\n<p>De acordo com o secretario estadual de Agricultura, engenheiro agr\u00f4nomo Eduardo Salles, a atividade tem crescido nos \u00faltimos anos, isso porque a Bahia apresenta condi\u00e7\u00f5es favor\u00e1veis ao desenvolvimento e reprodu\u00e7\u00e3o das abelhas, a exemplo dos diversos biomas. \u201cA quantidade de apicultores, em sua maioria agricultores familiares, na atividade em 2010 foi de 8.850, em 2012 foram contabilizados 9.466 e a nossa previs\u00e3o \u00e9 de, em 2014, 10.412 apicultores\u201d, ressaltou.<\/p>\n<p>Para Salles, o plano significa um marco para a atividade. \u201cO plano lan\u00e7ado hoje \u00e9 um desejo de todos os apicultores baianos, e seguimos as indica\u00e7\u00f5es deles para elabor\u00e1-lo. O diagnostico que temos vai nortear a atividade para que possamos atingir as metas. Queremos que cada apicultor tenha renda m\u00e9dia mensal de pelo menos R$ 1 mil, mas para isso, o produtor tem que aumentar o numero de colm\u00e9ias, ter maior produtividade\u201d disse, destacando o apoio do governo estadual com assist\u00eancia t\u00e9cnica e infraestrutura.<\/p>\n<p>O prefeito de Ilh\u00e9us, Jabes Ribeiro, acredita que a cultura do mel pode ser \u00f3tima alternativa para movimentar a economia local. \u201cIlh\u00e9us j\u00e1 foi grande produtor de cacau, mas depois da crise em fun\u00e7\u00e3o da vassoura de bruxa, temos procurado alternativas que garantam gera\u00e7\u00e3o de emprego e renda. Nossa voca\u00e7\u00e3o agr\u00edcola \u00e9 indiscut\u00edvel e por isso acredito que temos muito a fazer, de forma a contribuir com a nossa economia\u201d, disse.<\/p>\n<p>Para o diretor executivo da CAR, Jose Vivaldo Mendon\u00e7a, a Bahia se tornar\u00e1, dentro de mais alguns anos, refer\u00eancia na produ\u00e7\u00e3o de produtos ap\u00edcolas para o Brasil. \u201cDa forma como o plano foi constru\u00eddo e ao que ele se prop\u00f5e, a Bahia vai liderar a produ\u00e7\u00e3o de mel no pa\u00eds. O desafio agora e garantir melhor remunera\u00e7\u00e3o para os produtores de mel\u201d, destacou.<\/p>\n<p>O coordenador do Semin\u00e1rio Brasileiro de Pr\u00f3polis, Edinei de Oliveira Magalh\u00e3es, destacou que a regi\u00e3o Sul da Bahia \u00e9 a maior produtora de p\u00f3len do Brasil, e grande produtora de pr\u00f3polis vermelha, mas ainda falta o trabalho de melhoramento gen\u00e9tico das abelhas, que deve partir da esfera federal. \u201cA Ceplac faz esse trabalho de forma t\u00edmida, pois n\u00e3o consegue alcan\u00e7ar toda a Bahia. Precisamos tamb\u00e9m que as regras para as casas de mel sejam diferentes das utilizadas para latic\u00ednios, como acontece hoje. S\u00e3o muitos desafios, mas um ponto fundamental est\u00e1 acontecendo hoje, com a organiza\u00e7\u00e3o da cadeia produtiva, a partir do plano\u201d, pontuou.<\/p>\n<p>Alem dos citados acima, ainda participaram da abertura do Congresso, o presidente da Confedera\u00e7\u00e3o Brasileira de Apicultura, Jos\u00e9 Gumercindo Cunha; o superintendente da Ceplac na Bahia, Juvenal Maynard; o coordenador do Congresso Baiano de Apicultura, Pedro Constam; o diretor executivo de Pecu\u00e1ria da EBDA, Marcelo Matos; o presidente da Unamel, Jos\u00e9 Xavier Leal Neto; o diretor do Centro de Pesquisa do Cacau da Ceplac, Adonias de Castro Virgens e o superintendente da Agricultura Familiar da Seagri, Wilson Dias.<\/p>\n<p><b>Conv\u00eanio<\/b><\/p>\n<p>Na oportunidade foi firmado conv\u00eanio entre a Secretaria da Agricultura (Seagri) e as institui\u00e7\u00f5es parceiras para que as metas estabelecidas no plano sejam alcan\u00e7adas. \u201cO conv\u00eanio prev\u00ea aporte de recurso financeiro para o aumento da produ\u00e7\u00e3o ap\u00edcola e a renda dos pequenos produtores\u201d, destacou Mariv\u00e2nia, respons\u00e1vel pelo programa de apicultura da Bahia, indicando como parceiros o Banco do Nordeste do Brasil (BNB), Banco do Brasil (BB), a Adab e EBDA, vinculadas \u00e0 Seagri; Ceplac, Sebrae, Central de Cooperativas de Apicultores e a Federa\u00e7\u00e3o da Apicultura.<\/p>\n<p>Durante a abertura do Congresso institui\u00e7\u00f5es e pessoas que contribu\u00edram para o desenvolvimento da atividade no Estado foram homenageadas, como a Universidade Estadual do Sudoeste da Bahia, a Universidade Federal do Rec\u00f4ncavo da Bahia, CAR, Febamel, Ceplac, Seagri e o professor e pesquisador Ronaldo Barbosa da Silva.<\/p>\n<p><b>Eventos<\/b><\/p>\n<p>Concomitante ao Congresso acontece o VII Semin\u00e1rio de Pr\u00f3polis do Nordeste e a II Feira da Cadeia Produtiva da Apicultura e Melinocultura. Na \u00e1rea onde est\u00e3o acontecendo os eventos, os visitantes podem conhecer um stand para a exposi\u00e7\u00e3o de enxames de abelhas sem ferr\u00e3o e algumas colm\u00e9ias. S\u00e3o 26 stands com a presen\u00e7a de grandes empresas.<\/p>\n<p>Alem do panorama da apicultura brasileira, os participantes ainda assistir\u00e3o palestras sobre pol\u00edticas publicas para o setor na Bahia, sanidade ap\u00edcola, avan\u00e7os no manejo de col\u00f4nias de abelhas sem ferr\u00e3o, melhoramento de enxames, meliponicultura legal, projeto de produ\u00e7\u00e3o de p\u00f3len na Bahia, e alimenta\u00e7\u00e3o de abelhas para o semiarido, dentre outros temas.<\/p>\n<p>Vale destacar que ainda ocorrer\u00e3o reuni\u00f5es da ABNT, que vai tratar de assuntos relacionados ao pr\u00f3polis e ao p\u00f3len; da Unimel \u2013 Federa\u00e7\u00e3o Nordestina de Apicultores; da Febamel \u2013 Federa\u00e7\u00e3o Baiana de Apicultores, e reuni\u00e3o do Congresso Mundial, na Ucr\u00e2nia, cujo lan\u00e7amento no Brasil ser\u00e1 feito pelo presidente da Confedera\u00e7\u00e3o Brasileira de Apicultura.<\/p>\n<p>Os realizadores do Congresso s\u00e3o o Minist\u00e9rio da Agricultura, atrav\u00e9s da Ceplac; Federa\u00e7\u00e3o Baiana de Apicultura; Associa\u00e7\u00e3o de Apicultores de Ilh\u00e9us e Associa\u00e7\u00e3o de Apicultores de Canavieiras. Os parceiros s\u00e3o o governo do Estado da Bahia, atrav\u00e9s da Seagri; Veracel, CAR e SEBRAE. O evento ainda conta com o apoio da Universidade Federal do Rec\u00f4ncavo da Bahia e da Universidade Federal do Oeste da Bahia.<\/p>\n<p>&nbsp;<\/p>\n<p><b>Imprensa Seagri<br \/>\n<\/b><\/p>\n<p><b>Jornalista: Livia Lemos<\/b><\/p>\n","protected":false},"excerpt":{"rendered":"<p>(Ilh\u00e9us \u2013BA) &#8211; O fortalecimento da agricultura familiar, a introdu\u00e7\u00e3o e consolida\u00e7\u00e3o de t\u00e9cnicas e m\u00e9todos na cria\u00e7\u00e3o de abelhas, desenvolvendo tecnologias para o incremento da produtividade e a melhoria da qualidade dos produtos s\u00e3o pontos fundamentais defendidos no Plano de Desenvolvimento da Apicultura na Bahia, lan\u00e7ado nesta quarta-feira (15), durante o V Congresso Baiano [&hellip;]<\/p>\n","protected":false},"author":2,"featured_media":0,"comment_status":"open","ping_status":"open","sticky":false,"template":"","format":"standard","meta":{"_links_to":"","_links_to_target":""},"categories":[29],"tags":[],"_links":{"self":[{"href":"https:\/\/www.r2cpress.com.br\/v1\/wp-json\/wp\/v2\/posts\/65330"}],"collection":[{"href":"https:\/\/www.r2cpress.com.br\/v1\/wp-json\/wp\/v2\/posts"}],"about":[{"href":"https:\/\/www.r2cpress.com.br\/v1\/wp-json\/wp\/v2\/types\/post"}],"author":[{"embeddable":true,"href":"https:\/\/www.r2cpress.com.br\/v1\/wp-json\/wp\/v2\/users\/2"}],"replies":[{"embeddable":true,"href":"https:\/\/www.r2cpress.com.br\/v1\/wp-json\/wp\/v2\/comments?post=65330"}],"version-history":[{"count":3,"href":"https:\/\/www.r2cpress.com.br\/v1\/wp-json\/wp\/v2\/posts\/65330\/revisions"}],"predecessor-version":[{"id":65334,"href":"https:\/\/www.r2cpress.com.br\/v1\/wp-json\/wp\/v2\/posts\/65330\/revisions\/65334"}],"wp:attachment":[{"href":"https:\/\/www.r2cpress.com.br\/v1\/wp-json\/wp\/v2\/media?parent=65330"}],"wp:term":[{"taxonomy":"category","embeddable":true,"href":"https:\/\/www.r2cpress.com.br\/v1\/wp-json\/wp\/v2\/categories?post=65330"},{"taxonomy":"post_tag","embeddable":true,"href":"https:\/\/www.r2cpress.com.br\/v1\/wp-json\/wp\/v2\/tags?post=65330"}],"curies":[{"name":"wp","href":"https:\/\/api.w.org\/{rel}","templated":true}]}}