{"id":65339,"date":"2013-05-15T20:19:10","date_gmt":"2013-05-15T23:19:10","guid":{"rendered":"http:\/\/www.r2cpress.com.br\/v1\/?p=65339"},"modified":"2013-05-15T20:19:10","modified_gmt":"2013-05-15T23:19:10","slug":"psicomundo-paz-pela-compreensao-32a-parte","status":"publish","type":"post","link":"https:\/\/www.r2cpress.com.br\/v1\/2013\/05\/15\/psicomundo-paz-pela-compreensao-32a-parte\/","title":{"rendered":"PSICOMUNDO \u2013 PAZ PELA COMPREENS\u00c3O (32\u00aa PARTE)"},"content":{"rendered":"<p><img loading=\"lazy\" class=\"alignright\" alt=\"\" src=\"http:\/\/www.r2cpress.com.br\/v1\/wp-content\/uploads\/Eduardo-Afonso-_-Livro_.jpg\" width=\"291\" height=\"284\" \/>O mundo atravessa um grande instante de inconsequentes acontecimentos cheios de momentos em que muitas a\u00e7\u00f5es humanas apontam para pessoas que est\u00e3o fora da sua pr\u00f3pria realidade. Incansavelmente verificamos que s\u00e3o travadas grandes lutas com extrema necessidade da busca de modifica\u00e7\u00f5es para o surgimento de melhores qualidades de vida. Nunca foi realizada farta pol\u00edtica no passado e no presente aparentando tantas orienta\u00e7\u00f5es para elevar o grau de sentimento, visando alcan\u00e7ar atrav\u00e9s de uma batalha insana um bem que atenda a todos em suas necessidades afetivas. Tudo caracterizado na conquista de como poder\u00e1 nosso Universo vir a s\u00ea-lo no futuro, um modelo abrangente de sistema que traga benef\u00edcio para uma exemplar qualidade vida da prote\u00e7\u00e3o da popula\u00e7\u00e3o brasileira!<\/p>\n<p>S\u00e3o in\u00fameros os planos e sonhos que na maioria das vezes se transformam em pesadelos, criando mal-estar social de uma intensidade que causa solid\u00e3o e desventura para os que atingem a idade avan\u00e7ada da experi\u00eancia acumulada pelas lutas sociais e humanas. Foram inumer\u00e1veis caminhos percorridos com muitos exemplos desajustados e que n\u00e3o chegaram a ser justa a an\u00e1lise criada desse estado de vida. Nessa demonstra\u00e7\u00e3o manifestada apenas pela sua forma anunciada nas propagandas pol\u00edticas, apresentadas nos notici\u00e1rios sobre a exist\u00eancia cotidiana de prote\u00e7\u00f5es \u00e0s pessoas, observamos que existem momentos que t\u00eam oferecido lament\u00e1veis transtornos de desigualdades, criando enormes injusti\u00e7as entre seres humanos diante do vigor f\u00edsicos e das experi\u00eancias adquiridas!<\/p>\n<p><!--more--><\/p>\n<p>Esse coment\u00e1rio relata atos e fatos ocorridos com o tratamento dos idosos no Brasil, t\u00e3o degradante e que \u00e9 uma dessas fases destruidoras dos lastim\u00e1veis e p\u00e9ssimos exemplos verificados nos meios de comunica\u00e7\u00f5es do mundo, notadamente, no \u201cBRASIL\u201d que ocupa o 40\u00ba lugar dos constantes maus tratos dirigidos aos idosos. E a maioria dessas criaturas quer simplesmente um carinho, um abra\u00e7o, um est\u00edmulo para continuar vivendo sua vida de incans\u00e1veis etapas percorridas.<\/p>\n<p>Por\u00e9m, o outro lado dessa tr\u00e1gica historia humana, nos deixa triste com a imensa quantidade de pessoas idosas, sendo castigadas em suas pr\u00f3prias casas, esquecidas em suas qualidades adquiridas por v\u00e1rias jornadas de atividades de servi\u00e7os prestados, colocadas \u00e0 margem de grandes decep\u00e7\u00f5es por se sentirem in\u00fateis para si e para os outros semelhantes que antes eram de sua conviv\u00eancia. Outra classe de criaturas mergulhadas no triste abandono vive desamparada e est\u00e3o morrendo debaixo de marquises, dormindo nas ruas ou sarjetas, passando sede e fome, contrariando todos os princ\u00edpios dos direitos humanos.<\/p>\n<p>E olhando as grandes comemora\u00e7\u00f5es acerca do dia das m\u00e3es em todo nosso universo, imaginamos e perguntamos por que \u201cquantas criaturas dessa classe social s\u00e3o maltratadas, esquecidas e remediadas, tendo como \u00fanicos conv\u00edvios e alentos algumas casas assistenciais existente em pa\u00eds\u201d! E esse dia, levando-se em conta o grau de afetividade que deve existir sempre dentro do seio familiar, e merece serem comemorados todos os dias e oferecido as mais efusivas d\u00e1divas de Deus para sejam muito felizes sempre pela sua vida que deu origem a outras vidas.<\/p>\n<p>Estatuto do Idoso (Lei n\u00ba. 10741, promulgada em 1\u00ba de dezembro de 2003), tem que se consolidar como um dos mais importantes instrumentos jur\u00eddicos da d\u00e9cada. O Estatuto do Idoso, constitui-se numa grande conquista, sup\u00f5e amplitude de atendimento e efetiva\u00e7\u00e3o dos direitos da pessoa idosa. Como a Lei \u00e9 recente, depende de cada cidad\u00e3o, dos governos atuarem sem demagogia de maneira vigilante para que seja continuamente aperfei\u00e7oada, pois representa um caminho para a promo\u00e7\u00e3o e a garantia de igualdade social.<\/p>\n<p><strong>Art. 3\u00ba<\/strong>, no Estatuto dos idosos, relata categoricamente que \u201c\u00e9 obriga\u00e7\u00e3o da fam\u00edlia, da comunidade, da sociedade e do Poder P\u00fablico assegurar ao idoso, com absoluta prioridade, a efetiva\u00e7\u00e3o do direito \u00e0 vida, \u00e0 sa\u00fade, \u00e0 alimenta\u00e7\u00e3o, \u00e0 educa\u00e7\u00e3o, \u00e0 cultura, ao esporte, ao lazer, ao trabalho, \u00e0 cidadania, \u00e0 liberdade, \u00e0 dignidade, ao respeito e \u00e0 conviv\u00eancia familiar e comunit\u00e1ria\u201d.<\/p>\n<p>Eduardo Afonso &#8211; (73) 8844-9147 &#8211; (73) 9154-6888 &#8211; Ilh\u00e9us-Bahia<\/p>\n<p>Para ler a 31\u00aa PARTE clique <a href = \"http:\/\/www.r2cpress.com.br\/v1\/2013\/04\/26\/psicomundo-paz-pela-compreensao-31a-parte\/\" target = \"_news\"><b>AQUI.<\/b><\/a><\/p>\n","protected":false},"excerpt":{"rendered":"<p>O mundo atravessa um grande instante de inconsequentes acontecimentos cheios de momentos em que muitas a\u00e7\u00f5es humanas apontam para pessoas que est\u00e3o fora da sua pr\u00f3pria realidade. Incansavelmente verificamos que s\u00e3o travadas grandes lutas com extrema necessidade da busca de modifica\u00e7\u00f5es para o surgimento de melhores qualidades de vida. Nunca foi realizada farta pol\u00edtica no [&hellip;]<\/p>\n","protected":false},"author":2,"featured_media":0,"comment_status":"open","ping_status":"open","sticky":false,"template":"","format":"standard","meta":{"_links_to":"","_links_to_target":""},"categories":[10],"tags":[],"_links":{"self":[{"href":"https:\/\/www.r2cpress.com.br\/v1\/wp-json\/wp\/v2\/posts\/65339"}],"collection":[{"href":"https:\/\/www.r2cpress.com.br\/v1\/wp-json\/wp\/v2\/posts"}],"about":[{"href":"https:\/\/www.r2cpress.com.br\/v1\/wp-json\/wp\/v2\/types\/post"}],"author":[{"embeddable":true,"href":"https:\/\/www.r2cpress.com.br\/v1\/wp-json\/wp\/v2\/users\/2"}],"replies":[{"embeddable":true,"href":"https:\/\/www.r2cpress.com.br\/v1\/wp-json\/wp\/v2\/comments?post=65339"}],"version-history":[{"count":3,"href":"https:\/\/www.r2cpress.com.br\/v1\/wp-json\/wp\/v2\/posts\/65339\/revisions"}],"predecessor-version":[{"id":65342,"href":"https:\/\/www.r2cpress.com.br\/v1\/wp-json\/wp\/v2\/posts\/65339\/revisions\/65342"}],"wp:attachment":[{"href":"https:\/\/www.r2cpress.com.br\/v1\/wp-json\/wp\/v2\/media?parent=65339"}],"wp:term":[{"taxonomy":"category","embeddable":true,"href":"https:\/\/www.r2cpress.com.br\/v1\/wp-json\/wp\/v2\/categories?post=65339"},{"taxonomy":"post_tag","embeddable":true,"href":"https:\/\/www.r2cpress.com.br\/v1\/wp-json\/wp\/v2\/tags?post=65339"}],"curies":[{"name":"wp","href":"https:\/\/api.w.org\/{rel}","templated":true}]}}