{"id":65343,"date":"2013-05-15T20:24:48","date_gmt":"2013-05-15T23:24:48","guid":{"rendered":"http:\/\/www.r2cpress.com.br\/v1\/?p=65343"},"modified":"2013-05-15T20:24:48","modified_gmt":"2013-05-15T23:24:48","slug":"acei-comemora-sucesso-do-22o-seminario-de-marketing","status":"publish","type":"post","link":"https:\/\/www.r2cpress.com.br\/v1\/2013\/05\/15\/acei-comemora-sucesso-do-22o-seminario-de-marketing\/","title":{"rendered":"ACEI comemora sucesso do 22\u00ba Semin\u00e1rio de Marketing"},"content":{"rendered":"<div id=\"attachment_65344\" style=\"width: 560px\" class=\"wp-caption aligncenter\"><a href=\"http:\/\/www.r2cpress.com.br\/v1\/wp-content\/uploads\/IMG_2423.jpg\"><img aria-describedby=\"caption-attachment-65344\" loading=\"lazy\" class=\"size-full wp-image-65344\" alt=\"22\u00ba Semin\u00e1rio de Marketing\" src=\"http:\/\/www.r2cpress.com.br\/v1\/wp-content\/uploads\/IMG_2423.jpg\" width=\"550\" height=\"367\" srcset=\"https:\/\/www.r2cpress.com.br\/v1\/wp-content\/uploads\/IMG_2423.jpg 550w, https:\/\/www.r2cpress.com.br\/v1\/wp-content\/uploads\/IMG_2423-300x200.jpg 300w\" sizes=\"(max-width: 550px) 100vw, 550px\" \/><\/a><p id=\"caption-attachment-65344\" class=\"wp-caption-text\">22\u00ba Semin\u00e1rio de Marketing<\/p><\/div>\n<p>Nos dias 9 a 11 de maio de 2013, o sul da Bahia foi sede do mais importante evento para os neg\u00f3cios, o marketing e a comunica\u00e7\u00e3o do interior do estado, e teve in\u00edcio na noite da quinta \u2013 feira (09), no audit\u00f3rio Paulo Souto da UESC, com a solenidade de abertura do 22\u00ba Semin\u00e1rio de Marketing da Bahia, que contou com a presen\u00e7a de representantes do \u00e2mbito empresarial, pol\u00edtico, estudantil e a imprensa regional e do estado, que lotaram o audit\u00f3rio.<\/p>\n<p>Entre as autoridades presentes estavam, o presidente da ACEI &#8211; Associa\u00e7\u00e3o Comercial e Empresarial de Itabuna, Eduardo Fontes, a presidente da SINAPRO BA, Laura Passos, o presidente da ATIL, Marco Lessa, o presidente da Bahiag\u00e1s, Davidson Magalh\u00e3es, o prefeito de Itabuna, Claudivane Leite e a diretora regional do SEBRAE, Claudiana Figueiredo, dentre outras importantes autoridades.<\/p>\n<p><!--more--><\/p>\n<p>O presidente da ACEI, Eduardo Fontes, destacou a preocupa\u00e7\u00e3o com a qualifica\u00e7\u00e3o do empresariado e os estudantes da regi\u00e3o, al\u00e9m da import\u00e2ncia em estadualiza\u00e7\u00e3o do evento, atraindo participantes de outras partes. A associa\u00e7\u00e3o \u00e9 a principal promotora do Semin\u00e1rio, numa parceria com a MVU Eventos a partir de 2013.<\/p>\n<p>Na mesma noite o professor de Marketing e Planejamento estrat\u00e9gico, Ronald Carvalho, deu in\u00edcio ao ciclo de palestras, com um par\u00e2metro sobre o mundo para os pr\u00f3ximos 50 anos.<\/p>\n<p>Na manh\u00e3 da sexta-feira (10), os profissionais de publicidade e propaganda da regi\u00e3o foram convidados a participar de um workshop realizado pela SINAPRO BA, com o tema, \u201cAg\u00eancias criativas, muito al\u00e9m da cria\u00e7\u00e3o\u201d, com a participa\u00e7\u00e3o de alguns coordenadores do Clube de Cria\u00e7\u00e3o da Bahia, entre eles, Rodrigo Soares, Bruno Lage e Rodrigo Batinga. A presidente da SINAPRO BA, falou sobre a import\u00e2ncia do workshop e o desejo de impulsionar projetos deste segmento na regi\u00e3o.<\/p>\n<p>Ainda na sexta-feira, o p\u00fablico conferiu as palestras de Luiz Hosannah, MBA em psicologia das organiza\u00e7\u00f5es, que explanou sobre os comportamentos do consumidor, em seguida Priscila Toledo, mestre em comunica\u00e7\u00e3o corporativa deu uma aula de lingu\u00edstica e o advogado Ivo Camargo, especializado em promo\u00e7\u00f5es comercias, falou sobre as quest\u00f5es legais que envolvem o marketing e as premia\u00e7\u00f5es. Al\u00e9m disso, os espectadores puderam conhecer alguns cases de sucesso da regi\u00e3o, como o Hospital de Olhos Beira Rio e o Shopping Jequitib\u00e1. Ao fim das palestras o p\u00fablico participou de sorteios de brindes.<\/p>\n<p>No s\u00e1bado (11), \u00faltimo dia do evento, o p\u00fablico assistiu atentamente a palestra de Geider Lins Mestre em Marketing e Gest\u00e3o Empresarial pela Universidade Internacional de Lisboa, com o tema \u201cVoc\u00ea faz e acontece?\u201d. J\u00e1 Lino Cardoso, Diretor de Marketing da Arena Fonte Nova, fez um breve hist\u00f3rico estrutural e contou as novidades do est\u00e1dio baiano, al\u00e9m de exemplificar as oportunidades de neg\u00f3cios durante os eventos esportivos.<\/p>\n<p>E por fim Dado Schneider, Mestre e Doutor em comunica\u00e7\u00e3o pela PUC\/RS, fechou o ciclo de palestras, com uma apresenta\u00e7\u00e3o divertida e inteligente, \u201cO Mundo Muda. A Palestra Muda.\u201d. Schneider iniciou a sua confer\u00eancia sem utilizar uma palavra sequer, atrav\u00e9s de slides e m\u00fasicas, no fim o congressista deu dicas de como se destacar em um mercado competitivo.<\/p>\n<div id=\"attachment_65345\" style=\"width: 560px\" class=\"wp-caption aligncenter\"><a href=\"http:\/\/www.r2cpress.com.br\/v1\/wp-content\/uploads\/IMG_2390.jpg\"><img aria-describedby=\"caption-attachment-65345\" loading=\"lazy\" class=\"size-full wp-image-65345\" alt=\"22\u00ba Semin\u00e1rio de Marketing\" src=\"http:\/\/www.r2cpress.com.br\/v1\/wp-content\/uploads\/IMG_2390.jpg\" width=\"550\" height=\"367\" srcset=\"https:\/\/www.r2cpress.com.br\/v1\/wp-content\/uploads\/IMG_2390.jpg 550w, https:\/\/www.r2cpress.com.br\/v1\/wp-content\/uploads\/IMG_2390-300x200.jpg 300w\" sizes=\"(max-width: 550px) 100vw, 550px\" \/><\/a><p id=\"caption-attachment-65345\" class=\"wp-caption-text\">22\u00ba Semin\u00e1rio de Marketing<\/p><\/div>\n<p>Antes do sorteio de um Tablet entre os presentes, o m\u00e9dico e presidente da ACEI, Eduardo Fontes e o empres\u00e1rio Marco Lessa, aproveitaram para agradecer a participa\u00e7\u00e3o e a colabora\u00e7\u00e3o de todos para o sucesso da 22\u00aa Edi\u00e7\u00e3o do Semin\u00e1rio de Marketing da Bahia, j\u00e1 lan\u00e7ando o 23\u00ba Semin\u00e1rio com o tema \u2018Marketing 360\u00ba. A Bola da Vez, inspirado no ano da Copa no Brasil.<\/p>\n","protected":false},"excerpt":{"rendered":"<p>Nos dias 9 a 11 de maio de 2013, o sul da Bahia foi sede do mais importante evento para os neg\u00f3cios, o marketing e a comunica\u00e7\u00e3o do interior do estado, e teve in\u00edcio na noite da quinta \u2013 feira (09), no audit\u00f3rio Paulo Souto da UESC, com a solenidade de abertura do 22\u00ba Semin\u00e1rio [&hellip;]<\/p>\n","protected":false},"author":2,"featured_media":0,"comment_status":"open","ping_status":"open","sticky":false,"template":"","format":"standard","meta":{"_links_to":"","_links_to_target":""},"categories":[13],"tags":[],"_links":{"self":[{"href":"https:\/\/www.r2cpress.com.br\/v1\/wp-json\/wp\/v2\/posts\/65343"}],"collection":[{"href":"https:\/\/www.r2cpress.com.br\/v1\/wp-json\/wp\/v2\/posts"}],"about":[{"href":"https:\/\/www.r2cpress.com.br\/v1\/wp-json\/wp\/v2\/types\/post"}],"author":[{"embeddable":true,"href":"https:\/\/www.r2cpress.com.br\/v1\/wp-json\/wp\/v2\/users\/2"}],"replies":[{"embeddable":true,"href":"https:\/\/www.r2cpress.com.br\/v1\/wp-json\/wp\/v2\/comments?post=65343"}],"version-history":[{"count":3,"href":"https:\/\/www.r2cpress.com.br\/v1\/wp-json\/wp\/v2\/posts\/65343\/revisions"}],"predecessor-version":[{"id":65348,"href":"https:\/\/www.r2cpress.com.br\/v1\/wp-json\/wp\/v2\/posts\/65343\/revisions\/65348"}],"wp:attachment":[{"href":"https:\/\/www.r2cpress.com.br\/v1\/wp-json\/wp\/v2\/media?parent=65343"}],"wp:term":[{"taxonomy":"category","embeddable":true,"href":"https:\/\/www.r2cpress.com.br\/v1\/wp-json\/wp\/v2\/categories?post=65343"},{"taxonomy":"post_tag","embeddable":true,"href":"https:\/\/www.r2cpress.com.br\/v1\/wp-json\/wp\/v2\/tags?post=65343"}],"curies":[{"name":"wp","href":"https:\/\/api.w.org\/{rel}","templated":true}]}}