{"id":65379,"date":"2013-05-16T19:16:59","date_gmt":"2013-05-16T22:16:59","guid":{"rendered":"http:\/\/www.r2cpress.com.br\/v1\/?p=65379"},"modified":"2013-05-16T19:16:59","modified_gmt":"2013-05-16T22:16:59","slug":"a-arte-na-arte-de-educar","status":"publish","type":"post","link":"https:\/\/www.r2cpress.com.br\/v1\/2013\/05\/16\/a-arte-na-arte-de-educar\/","title":{"rendered":"A Arte na arte de educar"},"content":{"rendered":"<p><center>  <a href=\"http:\/\/www.r2cpress.com.br\/v1\/wp-content\/uploads\/LBV-CONGRESSO-INTERNACIONAL.jpg\"><img loading=\"lazy\" src=\"http:\/\/www.r2cpress.com.br\/v1\/wp-content\/uploads\/LBV-CONGRESSO-INTERNACIONAL.jpg\" alt=\"LBV CONGRESSO INTERNACIONAL\" width=\"500\" height=\"142\" class=\"aligncenter size-full wp-image-65380\" srcset=\"https:\/\/www.r2cpress.com.br\/v1\/wp-content\/uploads\/LBV-CONGRESSO-INTERNACIONAL.jpg 500w, https:\/\/www.r2cpress.com.br\/v1\/wp-content\/uploads\/LBV-CONGRESSO-INTERNACIONAL-300x85.jpg 300w\" sizes=\"(max-width: 500px) 100vw, 500px\" \/><\/a>   <\/center><br \/>\nA Legi\u00e3o da Boa Vontade (LBV) realizar\u00e1 mais um Congresso Internacional de Educa\u00e7\u00e3o. O evento, que ocorre em S\u00e3o Paulo\/SP entre os dias 26, 27 e 28 de junho, apresentar\u00e1 o tema \u201cA Arte na arte de educar: uma vis\u00e3o al\u00e9m do intelecto\u201d.<\/p>\n<p>Em sua 12\u00aa edi\u00e7\u00e3o, o encontro \u00e9 destinado a pesquisadores, docentes, alunos, profissionais de \u00e1reas ligadas \u00e0 Educa\u00e7\u00e3o e demais interessados. Visa colaborar com a forma\u00e7\u00e3o continuada e promover um ensino que alie qualidade pedag\u00f3gica \u00e0 Espiritualidade Ecum\u00eanica, na constru\u00e7\u00e3o de uma Cultura de Paz.<\/p>\n<p>O credenciamento e a solenidade de abertura ocorrem a partir das 18 horas do dia 26 de junho. Nos demais dias, palestras com renomados especialistas ser\u00e3o ministradas no per\u00edodo da manh\u00e3, enquanto que \u00e0 tarde ocorrer\u00e3o oficinas pedag\u00f3gicas tem\u00e1ticas.<\/p>\n<p>Pela participa\u00e7\u00e3o nos tr\u00eas dias, cada congressista inscreve-se com o valor de R$ 200,00 (10% de desconto para pagamento \u00e0 vista) e R$ 120,00 para estudantes e pessoas com idade igual ou superior a 60 anos. A inscri\u00e7\u00e3o d\u00e1 direito a almo\u00e7o e caf\u00e9 da tarde (em 27 e 28 de junho) e a participar de 4 (quatro) oficinas, al\u00e9m  do material alusivo ao evento e certificado de participa\u00e7\u00e3o, no total de 20 (vinte) horas.<\/p>\n<p><!--more--><\/p>\n<p>S\u00e3o poss\u00edveis as seguintes formas de pagamento: Cart\u00e3o de cr\u00e9dito ou d\u00e9bito; cheque; dinheiro ou dep\u00f3sito banc\u00e1rio (Banco Bradesco, Ag\u00eancia 0292-5, conta-corrente 129550-0), cujo comprovante dever\u00e1 ser encaminhado \u00e0 LBV pelo fax (11) 3225-4520. O valor pode ser parcelado no cart\u00e3o ou no cheque.<\/p>\n<p>Para se inscrever e\/ou obter outras informa\u00e7\u00f5es sobre a agenda do evento, ligue para (11) 3225-4590 ou 3361-6078.<\/p>\n<p><strong>Edi\u00e7\u00f5es anteriores<\/strong><br \/>\nO Congresso Internacional de Educa\u00e7\u00e3o da LBV tem sido palco de explana\u00e7\u00f5es memor\u00e1veis em edi\u00e7\u00f5es anteriores. J\u00e1 fizeram parte do evento: Arnaldo Niskier, doutor em Educa\u00e7\u00e3o, membro da Academia Brasileira de Letras (ABL) e presidente do Centro de Integra\u00e7\u00e3o Empresa-Escola (CIEE-RJ);  dr. Jo\u00e3o Grandino Rodas, reitor da Universidade de S\u00e3o Paulo (USP); dra. Neide de Aquino Noffs, doutora em Educa\u00e7\u00e3o pela USP; S\u00e9rgio Behnken, psic\u00f3logo, coach e consultor organizacional, mestre em Psicologia pela Pontif\u00edcia Universidade Cat\u00f3lica do Rio de Janeiro (PUC-Rio); I\u00e7ami Tiba, psiquiatra; Celso Antunes, mestre em Ci\u00eancias Humanas pela Universidade de S\u00e3o Paulo (USP); e Jos\u00e9 Pacheco, fundador da Escola da Ponte, em Portugal; entre outros.<\/p>\n<p><strong>Servi\u00e7o<\/strong><br \/>\nEvento: 12\u00ba Congresso Internacional de Educa\u00e7\u00e3o da LBV.<br \/>\nDatas: 26 (18 \u00e0s 22 horas), 27 e 28 de junho (9 horas \u00e0s 18h30).<br \/>\nLocal: Instituto de Educa\u00e7\u00e3o Jos\u00e9 de Paiva Netto em S\u00e3o Paulo\/SP.<br \/>\nEndere\u00e7o: Av. Rudge, 700, Bom Retiro.<br \/>\nInforma\u00e7\u00f5es\/inscri\u00e7\u00f5es: (11) 3225-4590 ou 3361-6078.<\/p>\n","protected":false},"excerpt":{"rendered":"<p>A Legi\u00e3o da Boa Vontade (LBV) realizar\u00e1 mais um Congresso Internacional de Educa\u00e7\u00e3o. O evento, que ocorre em S\u00e3o Paulo\/SP entre os dias 26, 27 e 28 de junho, apresentar\u00e1 o tema \u201cA Arte na arte de educar: uma vis\u00e3o al\u00e9m do intelecto\u201d. Em sua 12\u00aa edi\u00e7\u00e3o, o encontro \u00e9 destinado a pesquisadores, docentes, alunos, [&hellip;]<\/p>\n","protected":false},"author":2,"featured_media":0,"comment_status":"open","ping_status":"open","sticky":false,"template":"","format":"standard","meta":{"_links_to":"","_links_to_target":""},"categories":[18],"tags":[],"_links":{"self":[{"href":"https:\/\/www.r2cpress.com.br\/v1\/wp-json\/wp\/v2\/posts\/65379"}],"collection":[{"href":"https:\/\/www.r2cpress.com.br\/v1\/wp-json\/wp\/v2\/posts"}],"about":[{"href":"https:\/\/www.r2cpress.com.br\/v1\/wp-json\/wp\/v2\/types\/post"}],"author":[{"embeddable":true,"href":"https:\/\/www.r2cpress.com.br\/v1\/wp-json\/wp\/v2\/users\/2"}],"replies":[{"embeddable":true,"href":"https:\/\/www.r2cpress.com.br\/v1\/wp-json\/wp\/v2\/comments?post=65379"}],"version-history":[{"count":2,"href":"https:\/\/www.r2cpress.com.br\/v1\/wp-json\/wp\/v2\/posts\/65379\/revisions"}],"predecessor-version":[{"id":65382,"href":"https:\/\/www.r2cpress.com.br\/v1\/wp-json\/wp\/v2\/posts\/65379\/revisions\/65382"}],"wp:attachment":[{"href":"https:\/\/www.r2cpress.com.br\/v1\/wp-json\/wp\/v2\/media?parent=65379"}],"wp:term":[{"taxonomy":"category","embeddable":true,"href":"https:\/\/www.r2cpress.com.br\/v1\/wp-json\/wp\/v2\/categories?post=65379"},{"taxonomy":"post_tag","embeddable":true,"href":"https:\/\/www.r2cpress.com.br\/v1\/wp-json\/wp\/v2\/tags?post=65379"}],"curies":[{"name":"wp","href":"https:\/\/api.w.org\/{rel}","templated":true}]}}