{"id":65383,"date":"2013-05-16T19:21:33","date_gmt":"2013-05-16T22:21:33","guid":{"rendered":"http:\/\/www.r2cpress.com.br\/v1\/?p=65383"},"modified":"2013-05-16T19:21:33","modified_gmt":"2013-05-16T22:21:33","slug":"meninos-guerreiros-fazem-aulas-de-capoeira-e-maculele-na-maramata","status":"publish","type":"post","link":"https:\/\/www.r2cpress.com.br\/v1\/2013\/05\/16\/meninos-guerreiros-fazem-aulas-de-capoeira-e-maculele-na-maramata\/","title":{"rendered":"Meninos Guerreiros fazem aulas de capoeira e maculel\u00ea na Maramata"},"content":{"rendered":"<div id=\"attachment_65384\" style=\"width: 510px\" class=\"wp-caption aligncenter\"><a href=\"http:\/\/www.r2cpress.com.br\/v1\/wp-content\/uploads\/Aulas-de-capoeira-e-maculel\u00ea-para-crian\u00e7as-do-projeto-Meninos-Guerreiros-Foto-Gidelzo-Silva-Secom-Ilh\u00e9us.jpg\"><img aria-describedby=\"caption-attachment-65384\" loading=\"lazy\" src=\"http:\/\/www.r2cpress.com.br\/v1\/wp-content\/uploads\/Aulas-de-capoeira-e-maculel\u00ea-para-crian\u00e7as-do-projeto-Meninos-Guerreiros-Foto-Gidelzo-Silva-Secom-Ilh\u00e9us.jpg\" alt=\"Aulas de capoeira e maculel\u00ea para crian\u00e7as do projeto Meninos Guerreiros -  Foto Gidelzo Silva Secom-Ilh\u00e9us.\" width=\"500\" height=\"283\" class=\"size-full wp-image-65384\" srcset=\"https:\/\/www.r2cpress.com.br\/v1\/wp-content\/uploads\/Aulas-de-capoeira-e-maculel\u00ea-para-crian\u00e7as-do-projeto-Meninos-Guerreiros-Foto-Gidelzo-Silva-Secom-Ilh\u00e9us.jpg 500w, https:\/\/www.r2cpress.com.br\/v1\/wp-content\/uploads\/Aulas-de-capoeira-e-maculel\u00ea-para-crian\u00e7as-do-projeto-Meninos-Guerreiros-Foto-Gidelzo-Silva-Secom-Ilh\u00e9us-300x169.jpg 300w\" sizes=\"(max-width: 500px) 100vw, 500px\" \/><\/a><p id=\"caption-attachment-65384\" class=\"wp-caption-text\">Aulas de capoeira e maculel\u00ea para crian\u00e7as do projeto Meninos Guerreiros &#8211;  Foto Gidelzo Silva Secom-Ilh\u00e9us.<\/p><\/div>\n<p>Para promover a inclus\u00e3o social e resgatar valores da cultura afrobrasileira, a Universidade Livre do Mar e da Mata (Maramata) est\u00e1 oferecendo aulas de capoeira e maculel\u00ea \u00e0s crian\u00e7as que integram o projeto Meninos Guerreiros. Al\u00e9m dos movimentos da capoeira, os meninos tamb\u00e9m aprendem a cantar e a tocar os instrumentos t\u00edpicos como berimbau, agog\u00f4 e o reco-reco.<\/p>\n<p>Outra a\u00e7\u00e3o que se destaca \u00e9 a do bi\u00f3logo e permacultor, Cau\u00ea Nery, que se voluntariou para ensinar um pouco mais da hist\u00f3ria das dan\u00e7as de origem africanas para as crian\u00e7as.  Cau\u00ea pratica a capoeira desde 2009 e destaca os motivos que o levou a ser um volunt\u00e1rio no projeto. \u201cEu levo comigo princ\u00edpio de compartilhar todo conhecimento com quiser aprender. Eu aprendi que devo trabalhar sem esperar recompensa, porque aqui nessa terra, nessa vida, eu sou um instrumento de Deus\u201d. Al\u00e9m das aulas, o permancultor tamb\u00e9m ensinar\u00e1 aos meninos no\u00e7\u00f5es de educa\u00e7\u00e3o ambiental, uni\u00e3o e respeito com pr\u00f3ximo. O curso est\u00e1 sendo realizado na Maramata aos s\u00e1bados, a partir das 9 horas.<\/p>\n<p>O projeto \u2013 Resultado de uma parceria entre a Maramata e pessoas envolvidas nas causas culturais e sociais, o Projeto Meninos Guerreiros tem como objetivo estimular a inclus\u00e3o social e promover o aprendizado cultural e socioambiental das crian\u00e7as e adolescentes atendidas. Os cursos est\u00e3o sendo ministrados por volunt\u00e1rios, nos turnos matutino e vespertino. O projeto inclui aulas de artesanato, pintura, capoeira e produ\u00e7\u00e3o de berimbau, compostagem, produ\u00e7\u00e3o org\u00e2nica de plantas medicinais, paisagismo e jardinagem, no\u00e7\u00e3o de ecossistema e produ\u00e7\u00e3o de sab\u00e3o ecol\u00f3gico para estudantes entre 8 e 15 anos.<\/p>\n<p>&#8212;<br \/>\nSecretaria de Comunica\u00e7\u00e3o Social (Secom)<br \/>\nIlh\u00e9us \u2013 16.05.2013<\/p>\n","protected":false},"excerpt":{"rendered":"<p>Para promover a inclus\u00e3o social e resgatar valores da cultura afrobrasileira, a Universidade Livre do Mar e da Mata (Maramata) est\u00e1 oferecendo aulas de capoeira e maculel\u00ea \u00e0s crian\u00e7as que integram o projeto Meninos Guerreiros. Al\u00e9m dos movimentos da capoeira, os meninos tamb\u00e9m aprendem a cantar e a tocar os instrumentos t\u00edpicos como berimbau, agog\u00f4 [&hellip;]<\/p>\n","protected":false},"author":2,"featured_media":0,"comment_status":"open","ping_status":"open","sticky":false,"template":"","format":"standard","meta":{"_links_to":"","_links_to_target":""},"categories":[23],"tags":[],"_links":{"self":[{"href":"https:\/\/www.r2cpress.com.br\/v1\/wp-json\/wp\/v2\/posts\/65383"}],"collection":[{"href":"https:\/\/www.r2cpress.com.br\/v1\/wp-json\/wp\/v2\/posts"}],"about":[{"href":"https:\/\/www.r2cpress.com.br\/v1\/wp-json\/wp\/v2\/types\/post"}],"author":[{"embeddable":true,"href":"https:\/\/www.r2cpress.com.br\/v1\/wp-json\/wp\/v2\/users\/2"}],"replies":[{"embeddable":true,"href":"https:\/\/www.r2cpress.com.br\/v1\/wp-json\/wp\/v2\/comments?post=65383"}],"version-history":[{"count":3,"href":"https:\/\/www.r2cpress.com.br\/v1\/wp-json\/wp\/v2\/posts\/65383\/revisions"}],"predecessor-version":[{"id":65387,"href":"https:\/\/www.r2cpress.com.br\/v1\/wp-json\/wp\/v2\/posts\/65383\/revisions\/65387"}],"wp:attachment":[{"href":"https:\/\/www.r2cpress.com.br\/v1\/wp-json\/wp\/v2\/media?parent=65383"}],"wp:term":[{"taxonomy":"category","embeddable":true,"href":"https:\/\/www.r2cpress.com.br\/v1\/wp-json\/wp\/v2\/categories?post=65383"},{"taxonomy":"post_tag","embeddable":true,"href":"https:\/\/www.r2cpress.com.br\/v1\/wp-json\/wp\/v2\/tags?post=65383"}],"curies":[{"name":"wp","href":"https:\/\/api.w.org\/{rel}","templated":true}]}}