{"id":65395,"date":"2013-05-16T19:31:49","date_gmt":"2013-05-16T22:31:49","guid":{"rendered":"http:\/\/www.r2cpress.com.br\/v1\/?p=65395"},"modified":"2013-05-16T19:31:49","modified_gmt":"2013-05-16T22:31:49","slug":"assistencia-aos-estudantes-de-ilheus","status":"publish","type":"post","link":"https:\/\/www.r2cpress.com.br\/v1\/2013\/05\/16\/assistencia-aos-estudantes-de-ilheus\/","title":{"rendered":"Assist\u00eancia aos estudantes de Ilh\u00e9us"},"content":{"rendered":"<p>Gostaria de saber da prefeitura, por que muitas escolas municipais n\u00e3o tem merende escolar? Tamb\u00e9m  gostaria de saber da Direc do estado da Bahia, por que os alunos das escolas estaduais que moram na zona rural ainda n\u00e3o receberam os vales transportes?<\/p>\n<p>Agora minha observa\u00e7\u00e3o&#8230;..Se nossos estudantes n\u00e3o tiverem o aporte e ajuda do nosso governo a evas\u00e3o vai ser grande e muitos v\u00e3o desisti de estudar&#8230;.isso vai causar grandes prejuizos para a popula\u00e7\u00e3o do mun\u00edcipio de Ilh\u00e9us e do estado da Bahia.<\/p>\n<p>abra\u00e7o<br \/>\nPaulo <\/p>\n","protected":false},"excerpt":{"rendered":"<p>Gostaria de saber da prefeitura, por que muitas escolas municipais n\u00e3o tem merende escolar? Tamb\u00e9m gostaria de saber da Direc do estado da Bahia, por que os alunos das escolas estaduais que moram na zona rural ainda n\u00e3o receberam os vales transportes? Agora minha observa\u00e7\u00e3o&#8230;..Se nossos estudantes n\u00e3o tiverem o aporte e ajuda do nosso [&hellip;]<\/p>\n","protected":false},"author":2,"featured_media":0,"comment_status":"open","ping_status":"open","sticky":false,"template":"","format":"standard","meta":{"_links_to":"","_links_to_target":""},"categories":[10],"tags":[],"_links":{"self":[{"href":"https:\/\/www.r2cpress.com.br\/v1\/wp-json\/wp\/v2\/posts\/65395"}],"collection":[{"href":"https:\/\/www.r2cpress.com.br\/v1\/wp-json\/wp\/v2\/posts"}],"about":[{"href":"https:\/\/www.r2cpress.com.br\/v1\/wp-json\/wp\/v2\/types\/post"}],"author":[{"embeddable":true,"href":"https:\/\/www.r2cpress.com.br\/v1\/wp-json\/wp\/v2\/users\/2"}],"replies":[{"embeddable":true,"href":"https:\/\/www.r2cpress.com.br\/v1\/wp-json\/wp\/v2\/comments?post=65395"}],"version-history":[{"count":2,"href":"https:\/\/www.r2cpress.com.br\/v1\/wp-json\/wp\/v2\/posts\/65395\/revisions"}],"predecessor-version":[{"id":65397,"href":"https:\/\/www.r2cpress.com.br\/v1\/wp-json\/wp\/v2\/posts\/65395\/revisions\/65397"}],"wp:attachment":[{"href":"https:\/\/www.r2cpress.com.br\/v1\/wp-json\/wp\/v2\/media?parent=65395"}],"wp:term":[{"taxonomy":"category","embeddable":true,"href":"https:\/\/www.r2cpress.com.br\/v1\/wp-json\/wp\/v2\/categories?post=65395"},{"taxonomy":"post_tag","embeddable":true,"href":"https:\/\/www.r2cpress.com.br\/v1\/wp-json\/wp\/v2\/tags?post=65395"}],"curies":[{"name":"wp","href":"https:\/\/api.w.org\/{rel}","templated":true}]}}