{"id":65398,"date":"2013-05-16T19:40:52","date_gmt":"2013-05-16T22:40:52","guid":{"rendered":"http:\/\/www.r2cpress.com.br\/v1\/?p=65398"},"modified":"2013-05-16T19:40:52","modified_gmt":"2013-05-16T22:40:52","slug":"projeto-quarta-autoral","status":"publish","type":"post","link":"https:\/\/www.r2cpress.com.br\/v1\/2013\/05\/16\/projeto-quarta-autoral\/","title":{"rendered":"PROJETO QUARTA AUTORAL"},"content":{"rendered":"<p>Um projeto criado pelos cantores\/compositores\/violonistas <b>Edu Neto e S\u00e9rgio Di Ramos<\/b>e a colabora\u00e7\u00e3o de <b>Paulo Ros\u00e1rio,<\/b> com o nome de <b>Quarta Autoral,<\/b> tem sido o destaque cultural que acontece quinzenalmente e sempre \u00e0s quartas-feiras, no Bar do Borrachinha, ali em frente ao Centro de Conven\u00e7\u00f5es.<br \/>\n<div id=\"attachment_65399\" style=\"width: 510px\" class=\"wp-caption aligncenter\"><a href=\"http:\/\/www.r2cpress.com.br\/v1\/wp-content\/uploads\/quarta-autoral-15-05-2013.jpg\"><img aria-describedby=\"caption-attachment-65399\" loading=\"lazy\" src=\"http:\/\/www.r2cpress.com.br\/v1\/wp-content\/uploads\/quarta-autoral-15-05-2013.jpg\" alt=\"Quarta Autoral\" width=\"500\" height=\"500\" class=\"size-full wp-image-65399\" srcset=\"https:\/\/www.r2cpress.com.br\/v1\/wp-content\/uploads\/quarta-autoral-15-05-2013.jpg 500w, https:\/\/www.r2cpress.com.br\/v1\/wp-content\/uploads\/quarta-autoral-15-05-2013-150x150.jpg 150w, https:\/\/www.r2cpress.com.br\/v1\/wp-content\/uploads\/quarta-autoral-15-05-2013-300x300.jpg 300w\" sizes=\"(max-width: 500px) 100vw, 500px\" \/><\/a><p id=\"caption-attachment-65399\" class=\"wp-caption-text\">Quarta Autoral<\/p><\/div><br \/>\nUm projeto que engloba na sua apresenta\u00e7\u00e3o, al\u00e9m de cantores e compositores, que desfilam suas cria\u00e7\u00f5es, tem o prazer de contar tamb\u00e9m com a presen\u00e7a de escritores e poetas \u2013 Antonio Pereira, Luh Oliveira, Geraldinho Lavigne, Beth Salgado, Heitor Brasileiro, Andr\u00e9 Rosa, Gilton Tomaz, M\u00e1rcia Campello.<\/p>\n<p>S\u00e3o artistas que se re\u00fanem para cantar e recitar seus poemas, criando um clima que envolve a todas as pessoas que gostam de arte e cultura.<\/p>\n<p>Vale a pena conferir. O pr\u00f3ximo evento ser\u00e1 no dia 29 de maio, das 19:00 \u00e0s 21:00 horas.<br \/>\nNesta quarta-feira 15, o convidado da noite foi o <b>Clube do Samba Jo\u00e3ozinho Alfaiate,<\/b>e seus convidados Lito Vieira, Edu Neto, D\u00e9lio Santiago, Itassucy, Elo\u00e1, S\u00e9rgio Nogueira, Fabiano Carilo, Herval Lemos, Gil Lucas, Presidente Ivan, sua insepar\u00e1vel esposa Agda e seu filho Lucas, jovem percussionista de muito talento.<br \/>\nCom este grupo a noite realmente foi imperd\u00edvel. M\u00fasica, poesia e amizade.<\/p>\n<p>Vale registrar o acolhimento cordial de Borrachinha e sua fam\u00edlia, que fazem de um tudo para que todos sejam bem atendidos.<\/p>\n<p><b>Z\u00c9CARLOS JUNIOR<\/b><\/p>\n","protected":false},"excerpt":{"rendered":"<p>Um projeto criado pelos cantores\/compositores\/violonistas Edu Neto e S\u00e9rgio Di Ramose a colabora\u00e7\u00e3o de Paulo Ros\u00e1rio, com o nome de Quarta Autoral, tem sido o destaque cultural que acontece quinzenalmente e sempre \u00e0s quartas-feiras, no Bar do Borrachinha, ali em frente ao Centro de Conven\u00e7\u00f5es. Um projeto que engloba na sua apresenta\u00e7\u00e3o, al\u00e9m de cantores [&hellip;]<\/p>\n","protected":false},"author":2,"featured_media":0,"comment_status":"open","ping_status":"open","sticky":false,"template":"","format":"standard","meta":{"_links_to":"","_links_to_target":""},"categories":[28],"tags":[],"_links":{"self":[{"href":"https:\/\/www.r2cpress.com.br\/v1\/wp-json\/wp\/v2\/posts\/65398"}],"collection":[{"href":"https:\/\/www.r2cpress.com.br\/v1\/wp-json\/wp\/v2\/posts"}],"about":[{"href":"https:\/\/www.r2cpress.com.br\/v1\/wp-json\/wp\/v2\/types\/post"}],"author":[{"embeddable":true,"href":"https:\/\/www.r2cpress.com.br\/v1\/wp-json\/wp\/v2\/users\/2"}],"replies":[{"embeddable":true,"href":"https:\/\/www.r2cpress.com.br\/v1\/wp-json\/wp\/v2\/comments?post=65398"}],"version-history":[{"count":2,"href":"https:\/\/www.r2cpress.com.br\/v1\/wp-json\/wp\/v2\/posts\/65398\/revisions"}],"predecessor-version":[{"id":65401,"href":"https:\/\/www.r2cpress.com.br\/v1\/wp-json\/wp\/v2\/posts\/65398\/revisions\/65401"}],"wp:attachment":[{"href":"https:\/\/www.r2cpress.com.br\/v1\/wp-json\/wp\/v2\/media?parent=65398"}],"wp:term":[{"taxonomy":"category","embeddable":true,"href":"https:\/\/www.r2cpress.com.br\/v1\/wp-json\/wp\/v2\/categories?post=65398"},{"taxonomy":"post_tag","embeddable":true,"href":"https:\/\/www.r2cpress.com.br\/v1\/wp-json\/wp\/v2\/tags?post=65398"}],"curies":[{"name":"wp","href":"https:\/\/api.w.org\/{rel}","templated":true}]}}