{"id":6547,"date":"2011-01-14T11:52:40","date_gmt":"2011-01-14T14:52:40","guid":{"rendered":"http:\/\/www.r2cpress.com.br\/v1\/?p=6547"},"modified":"2011-01-14T11:52:40","modified_gmt":"2011-01-14T14:52:40","slug":"policia-prende-quadrilha-acusada-de-cometer-assaltos-a-bancos-no-interior-do-estado","status":"publish","type":"post","link":"https:\/\/www.r2cpress.com.br\/v1\/2011\/01\/14\/policia-prende-quadrilha-acusada-de-cometer-assaltos-a-bancos-no-interior-do-estado\/","title":{"rendered":"Pol\u00edcia prende quadrilha acusada de cometer assaltos a bancos no interior do estado"},"content":{"rendered":"<p><strong>No total, seis homens foram presos, mas suas identidades ainda n\u00e3o foram divulgadas<\/strong><\/p>\n<p>A pol\u00edcia apresenta \u00e0s 11h desta sexta-feira (14) uma quadrilha acusada de realizar assaltos a bancos no interior do estado. Segundo informa\u00e7\u00f5es da assessoria da Secretaria de Seguran\u00e7a P\u00fablica, o grupo foi preso em uma opera\u00e7\u00e3o realizada nesta quinta-feira (13) pelo Comando de Policiamento do Interior, com apoio de policiais da Companhias das cidades de Ilh\u00e9us e Itabuna.<\/p>\n<p>No total, seis homens foram presos, mas suas identidades ainda n\u00e3o foram divulgadas. A opera\u00e7\u00e3o contou com apoio de agentes do Grupo de Opera\u00e7\u00f5es Especiais da Pol\u00edcia Civil e a apresenta\u00e7\u00e3o acontecer\u00e1 na sede deste grupo, localizada na Base A\u00e9rea de Salvador.  <\/p>\n<p>&#8212;<br \/>\nReda\u00e7\u00e3o <a href = \"http:\/\/www.correio24horas.com.br\/noticias\/detalhes\/detalhes-1\/artigo\/policia-prende-quadrilha-acusada-de-cometer-assaltos-a-bancos-no-interior-do-estado\/\" target = \"_news\"><b>CORREIO DA BAHIA<\/b><\/a><\/p>\n","protected":false},"excerpt":{"rendered":"<p>No total, seis homens foram presos, mas suas identidades ainda n\u00e3o foram divulgadas A pol\u00edcia apresenta \u00e0s 11h desta sexta-feira (14) uma quadrilha acusada de realizar assaltos a bancos no interior do estado. Segundo informa\u00e7\u00f5es da assessoria da Secretaria de Seguran\u00e7a P\u00fablica, o grupo foi preso em uma opera\u00e7\u00e3o realizada nesta quinta-feira (13) pelo Comando [&hellip;]<\/p>\n","protected":false},"author":2,"featured_media":0,"comment_status":"open","ping_status":"open","sticky":false,"template":"","format":"standard","meta":{"_links_to":"","_links_to_target":""},"categories":[25],"tags":[],"_links":{"self":[{"href":"https:\/\/www.r2cpress.com.br\/v1\/wp-json\/wp\/v2\/posts\/6547"}],"collection":[{"href":"https:\/\/www.r2cpress.com.br\/v1\/wp-json\/wp\/v2\/posts"}],"about":[{"href":"https:\/\/www.r2cpress.com.br\/v1\/wp-json\/wp\/v2\/types\/post"}],"author":[{"embeddable":true,"href":"https:\/\/www.r2cpress.com.br\/v1\/wp-json\/wp\/v2\/users\/2"}],"replies":[{"embeddable":true,"href":"https:\/\/www.r2cpress.com.br\/v1\/wp-json\/wp\/v2\/comments?post=6547"}],"version-history":[{"count":2,"href":"https:\/\/www.r2cpress.com.br\/v1\/wp-json\/wp\/v2\/posts\/6547\/revisions"}],"predecessor-version":[{"id":6549,"href":"https:\/\/www.r2cpress.com.br\/v1\/wp-json\/wp\/v2\/posts\/6547\/revisions\/6549"}],"wp:attachment":[{"href":"https:\/\/www.r2cpress.com.br\/v1\/wp-json\/wp\/v2\/media?parent=6547"}],"wp:term":[{"taxonomy":"category","embeddable":true,"href":"https:\/\/www.r2cpress.com.br\/v1\/wp-json\/wp\/v2\/categories?post=6547"},{"taxonomy":"post_tag","embeddable":true,"href":"https:\/\/www.r2cpress.com.br\/v1\/wp-json\/wp\/v2\/tags?post=6547"}],"curies":[{"name":"wp","href":"https:\/\/api.w.org\/{rel}","templated":true}]}}