{"id":65599,"date":"2013-05-20T12:23:01","date_gmt":"2013-05-20T15:23:01","guid":{"rendered":"http:\/\/www.r2cpress.com.br\/v1\/?p=65599"},"modified":"2013-05-20T12:23:01","modified_gmt":"2013-05-20T15:23:01","slug":"condominio-aguas-de-olivenca","status":"publish","type":"post","link":"https:\/\/www.r2cpress.com.br\/v1\/2013\/05\/20\/condominio-aguas-de-olivenca\/","title":{"rendered":"Condom\u00ednio \u00c1guas de Oliven\u00e7a"},"content":{"rendered":"<h1 style=\"text-align: center;\" align=\"center\"><b><span style=\"text-decoration: underline;\">Condom\u00ednio \u00c1guas de Oliven\u00e7a<\/span><\/b><\/h1>\n<h2 style=\"text-align: center;\" align=\"center\"><b>Situado na Rodovia Ilh\u00e9us\/Una \u2013 Zona do Jahiry<\/b><\/h2>\n<h2 style=\"text-align: center;\" align=\"center\"><b>Institu\u00eddo pela Lei n\u00ba. 4.591, de 16\/12\/1964 &#8211; Criado em 16\/02\/1992<\/b><\/h2>\n<h2 style=\"text-align: center;\" align=\"center\"><b>Public. no Di\u00e1rio O. do M. de Ilh\u00e9us em 31\/08\/1992<\/b><\/h2>\n<h2 style=\"text-align: center;\" align=\"center\"><b>Reg. no CRI -1\u00aa. Circunscri\u00e7\u00e3o da Comarca de Ilh\u00e9us<\/b><\/h2>\n<h2 style=\"text-align: center;\" align=\"center\"><b>Sob. n\u00ba 3.602 \u00e0 p\u00e1g 57 do L \u2013 3-C em 04\/12\/1992<\/b><\/h2>\n<p>&nbsp;<\/p>\n<h1 style=\"text-align: center;\" align=\"center\">\u00a0<b>EDITAL DE CONVOCA\u00c7\u00c3O<\/b><\/h1>\n<p>Nos termos da Conven\u00e7\u00e3o e de acordo com o Cap\u00ba. VII, Art\u00ba 31, convoca os (as) senhores (as) Cond\u00f4minos (as) para a reuni\u00e3o da Assembl\u00e9ia Geral Extraordin\u00e1ria, a realizar-se \u00e0 Rua Canavieiras, (espa\u00e7o verde de Bob nos Lotes 6 e 7 da Quadra L-8)\u00a0 no dia 26\/05\/2013, \u00e0s 9:00 horas, em primeira convoca\u00e7\u00e3o, com a presen\u00e7a de 2\/3 \u2013 dois ter\u00e7os &#8211; havendo quorum, ou \u00e0s 9:30 em segunda convoca\u00e7\u00e3o, com qualquer n\u00famero de cond\u00f4minos presentes, para o fim de deliberarem sobre a seguinte pauta, defendida na Assembl\u00e9ia Geral Ordin\u00e1ria do dia 27 de Janeiro de 2013, conforme Ata.<\/p>\n<p>Ordem do Dia<\/p>\n<ul>\n<li>Leitura da ATA da Assembl\u00e9ia Geral Ordin\u00e1ria do dia 27\/01\/2013<\/li>\n<li>Apresenta\u00e7\u00e3o da an\u00e1lise das contas pelo Conselho Fiscal da Gest\u00e3o: 2005 \u00e0 Jan. 2011<\/li>\n<li>Apresenta\u00e7\u00e3o da an\u00e1lise das contas pelo Conselho Fiscal da Gest\u00e3o: Fev.\/2011 a Junho\/2012 e de 21\/12 \u00e0 31\/12\/2012 e Jan. 2013<\/li>\n<li>Apresenta\u00e7\u00e3o da an\u00e1lise das contas pelo Conselho Fiscal do mandato da Interven\u00e7\u00e3o: de Julho \u00e0 20\/12\/2012<\/li>\n<li>Apresenta\u00e7\u00e3o da an\u00e1lise das contas do primeiro trimestre da Gest\u00e3o Atual pelo Conselho Fiscal.<\/li>\n<li>Esclarecimento sobre a situa\u00e7\u00e3o geral em que se encontra o Condom\u00ednio<\/li>\n<li>Previs\u00e3o Or\u00e7ament\u00e1ria para o ano de 2013.<\/li>\n<\/ul>\n<p>&nbsp;<\/p>\n<h2 style=\"text-align: center;\" align=\"center\"><strong>Ilh\u00e9us, 15 de Maio de 2013<\/strong><\/h2>\n<h2 style=\"text-align: center;\" align=\"center\"><strong>\u00a0Washington Farias de Cerqueira<\/strong><\/h2>\n<h2 style=\"text-align: center;\" align=\"center\"><strong>S\u00edndico<\/strong><\/h2>\n","protected":false},"excerpt":{"rendered":"<p>Condom\u00ednio \u00c1guas de Oliven\u00e7a Situado na Rodovia Ilh\u00e9us\/Una \u2013 Zona do Jahiry Institu\u00eddo pela Lei n\u00ba. 4.591, de 16\/12\/1964 &#8211; Criado em 16\/02\/1992 Public. no Di\u00e1rio O. do M. de Ilh\u00e9us em 31\/08\/1992 Reg. no CRI -1\u00aa. Circunscri\u00e7\u00e3o da Comarca de Ilh\u00e9us Sob. n\u00ba 3.602 \u00e0 p\u00e1g 57 do L \u2013 3-C em 04\/12\/1992 &nbsp; [&hellip;]<\/p>\n","protected":false},"author":2,"featured_media":0,"comment_status":"open","ping_status":"open","sticky":false,"template":"","format":"standard","meta":{"_links_to":"","_links_to_target":""},"categories":[28],"tags":[],"_links":{"self":[{"href":"https:\/\/www.r2cpress.com.br\/v1\/wp-json\/wp\/v2\/posts\/65599"}],"collection":[{"href":"https:\/\/www.r2cpress.com.br\/v1\/wp-json\/wp\/v2\/posts"}],"about":[{"href":"https:\/\/www.r2cpress.com.br\/v1\/wp-json\/wp\/v2\/types\/post"}],"author":[{"embeddable":true,"href":"https:\/\/www.r2cpress.com.br\/v1\/wp-json\/wp\/v2\/users\/2"}],"replies":[{"embeddable":true,"href":"https:\/\/www.r2cpress.com.br\/v1\/wp-json\/wp\/v2\/comments?post=65599"}],"version-history":[{"count":8,"href":"https:\/\/www.r2cpress.com.br\/v1\/wp-json\/wp\/v2\/posts\/65599\/revisions"}],"predecessor-version":[{"id":65607,"href":"https:\/\/www.r2cpress.com.br\/v1\/wp-json\/wp\/v2\/posts\/65599\/revisions\/65607"}],"wp:attachment":[{"href":"https:\/\/www.r2cpress.com.br\/v1\/wp-json\/wp\/v2\/media?parent=65599"}],"wp:term":[{"taxonomy":"category","embeddable":true,"href":"https:\/\/www.r2cpress.com.br\/v1\/wp-json\/wp\/v2\/categories?post=65599"},{"taxonomy":"post_tag","embeddable":true,"href":"https:\/\/www.r2cpress.com.br\/v1\/wp-json\/wp\/v2\/tags?post=65599"}],"curies":[{"name":"wp","href":"https:\/\/api.w.org\/{rel}","templated":true}]}}