{"id":65608,"date":"2013-05-20T12:25:27","date_gmt":"2013-05-20T15:25:27","guid":{"rendered":"http:\/\/www.r2cpress.com.br\/v1\/?p=65608"},"modified":"2013-05-20T12:25:27","modified_gmt":"2013-05-20T15:25:27","slug":"condominio-aguas-de-olivenca-2","status":"publish","type":"post","link":"https:\/\/www.r2cpress.com.br\/v1\/2013\/05\/20\/condominio-aguas-de-olivenca-2\/","title":{"rendered":"Condom\u00ednio \u00c1guas de Oliven\u00e7a"},"content":{"rendered":"<p><b>APELO AOS CONDOMINOS:<\/b><\/p>\n<p style=\"text-align: justify;\">\u00a0Quero <b>apelar<\/b> aos Cond\u00f4minos (as) para comparecerem a Assembl\u00e9ia do dia 26\/05\/2013 conforme Edital\u00a0 <strong>(VEJA POSTAGEM\u00a0 ABAIXO)<\/strong>, lembrando-lhes que somente com as presen\u00e7as f\u00edsicas, conhecendo, ouvindo, opinando, decidindo, poderemos mudar os rumos do nosso Condom\u00ednio. A procura\u00e7\u00e3o para representa\u00e7\u00e3o, embora legal, permitem a manipula\u00e7\u00e3o, e preval\u00eancia dos interesses deste ou de qualquer outro gestor. Antecipo a todos que estarei em campanha permanente para que a <b>PRESEN\u00c7A F\u00cdSICA<\/b>, prevale\u00e7a sobre a <b>PROCURA\u00c7\u00c3O<\/b>. Finalizando, fa\u00e7o-lhes uma pergunta: Quando vamos eleger o Gestor executivo, legislativo, etc., o fazemos por procura\u00e7\u00e3o? ou vamos diretamente as Urnas de forma secreta para fazer valer o nosso voto. O Condom\u00ednio \u00e9 <b>nosso,<\/b> o patrim\u00f4nio \u00e9 <b>nosso<\/b>, a responsabilidade sobre ele e de <b>cada um de nos<\/b>, este \u00e9 o momento de discutirmos os seus caminhos. <b>N\u00e3o jogue fora esta oportunidade<\/b>.<\/p>\n<p align=\"center\">\u00a0WASHINGTON FARIAS DE CERQUEIRA<\/p>\n<p align=\"center\">S\u00edndico<\/p>\n<p align=\"center\">\u00a0JOS\u00c9 EDUARDO DANTAS DE OLIVA<\/p>\n<p align=\"center\">Sub-Sindico Financeiro<\/p>\n<p align=\"center\">\u00a0JOAQUIM MOREIRA FILHO<\/p>\n<p align=\"center\">Sub-Sindico Administrativo<\/p>\n<p align=\"center\">\u00a0EDUARDO OLIVEIRA\u00a0 CARQUEIJA<\/p>\n<p align=\"center\">Sub-Sindico de Eventos<\/p>\n<p>&nbsp;<\/p>\n","protected":false},"excerpt":{"rendered":"<p>APELO AOS CONDOMINOS: \u00a0Quero apelar aos Cond\u00f4minos (as) para comparecerem a Assembl\u00e9ia do dia 26\/05\/2013 conforme Edital\u00a0 (VEJA POSTAGEM\u00a0 ABAIXO), lembrando-lhes que somente com as presen\u00e7as f\u00edsicas, conhecendo, ouvindo, opinando, decidindo, poderemos mudar os rumos do nosso Condom\u00ednio. A procura\u00e7\u00e3o para representa\u00e7\u00e3o, embora legal, permitem a manipula\u00e7\u00e3o, e preval\u00eancia dos interesses deste ou de qualquer [&hellip;]<\/p>\n","protected":false},"author":2,"featured_media":0,"comment_status":"open","ping_status":"open","sticky":false,"template":"","format":"standard","meta":{"_links_to":"","_links_to_target":""},"categories":[28],"tags":[],"_links":{"self":[{"href":"https:\/\/www.r2cpress.com.br\/v1\/wp-json\/wp\/v2\/posts\/65608"}],"collection":[{"href":"https:\/\/www.r2cpress.com.br\/v1\/wp-json\/wp\/v2\/posts"}],"about":[{"href":"https:\/\/www.r2cpress.com.br\/v1\/wp-json\/wp\/v2\/types\/post"}],"author":[{"embeddable":true,"href":"https:\/\/www.r2cpress.com.br\/v1\/wp-json\/wp\/v2\/users\/2"}],"replies":[{"embeddable":true,"href":"https:\/\/www.r2cpress.com.br\/v1\/wp-json\/wp\/v2\/comments?post=65608"}],"version-history":[{"count":3,"href":"https:\/\/www.r2cpress.com.br\/v1\/wp-json\/wp\/v2\/posts\/65608\/revisions"}],"predecessor-version":[{"id":65611,"href":"https:\/\/www.r2cpress.com.br\/v1\/wp-json\/wp\/v2\/posts\/65608\/revisions\/65611"}],"wp:attachment":[{"href":"https:\/\/www.r2cpress.com.br\/v1\/wp-json\/wp\/v2\/media?parent=65608"}],"wp:term":[{"taxonomy":"category","embeddable":true,"href":"https:\/\/www.r2cpress.com.br\/v1\/wp-json\/wp\/v2\/categories?post=65608"},{"taxonomy":"post_tag","embeddable":true,"href":"https:\/\/www.r2cpress.com.br\/v1\/wp-json\/wp\/v2\/tags?post=65608"}],"curies":[{"name":"wp","href":"https:\/\/api.w.org\/{rel}","templated":true}]}}