{"id":65715,"date":"2013-05-21T14:44:05","date_gmt":"2013-05-21T17:44:05","guid":{"rendered":"http:\/\/www.r2cpress.com.br\/v1\/?p=65715"},"modified":"2013-05-21T14:44:05","modified_gmt":"2013-05-21T17:44:05","slug":"lancamento-regional-do-plano-safra-sera-realizado-em-ilheus-nesta-quinta-23","status":"publish","type":"post","link":"https:\/\/www.r2cpress.com.br\/v1\/2013\/05\/21\/lancamento-regional-do-plano-safra-sera-realizado-em-ilheus-nesta-quinta-23\/","title":{"rendered":"Lan\u00e7amento regional do Plano Safra ser\u00e1 realizado em Ilh\u00e9us nesta quinta, 23"},"content":{"rendered":"<p>O Plano Safra da Pesca e Aquicultura, programa nacional do governo federal, ser\u00e1 lan\u00e7ado regionalmente em Ilh\u00e9us, na pr\u00f3xima quinta-feira, 23, no audit\u00f3rio da Comiss\u00e3o Executiva do Plano da Lavoura Cacaueira \u2013 Ceplac \u2013 localizado no centro da cidade, \u00e0s 15 horas.  A solenidade ser\u00e1 presidida pela superintendente da Pesca e Aquicultura no Estado Bahia, Silvia Cerqueira.<\/p>\n<p>O evento ter\u00e1 a participa\u00e7\u00e3o de entidades de pesca e aquicultura da regi\u00e3o e adjac\u00eancias, institui\u00e7\u00f5es ambientalistas, representantes de \u00f3rg\u00e3os municipais, estaduais e federais ligados direta ou indiretamente \u00e0 atividade pesqueira, secretarias de pescas, pescadores, piscicultores, marisqueiras e sociedade civil.<\/p>\n<p>Segundo o secret\u00e1rio municipal de Agricultura e Pesca, Sebasti\u00e3o Vivas, este programa \u00e9 hoje o principal sustent\u00e1culo das a\u00e7\u00f5es do setor em todo o Brasil. \u201cPor meio do Plano Safra, o governo federal financia a produ\u00e7\u00e3o e o beneficiamento da atividade pesqueira, com juros baix\u00edssimos, contribuindo para a melhoria da qualidade de vida dos marisqueiros, pescadores e demais produtores do setor\u201d, ressalta.<\/p>\n<p>O site do Minist\u00e9rio da Pesca e Agricultura &#8211; www.mpa.gov.br\/safra &#8211; informa que ser\u00e3o liberados mais de R$ 4 bilh\u00f5es em cr\u00e9dito e investimentos para fortalecer o setor pesqueiro, tornando-o mais produtivo, competitivo, inclusivo e sustent\u00e1vel. A meta \u00e9 aperfei\u00e7oar t\u00e9cnicas de cultivo e manuseio, ampliar a assist\u00eancia t\u00e9cnica, modernizar equipamentos, investir em pesquisa e garantir mais estrutura \u00e0 cadeia produtiva. A SFPA planeja produzir 2 milh\u00f5es de toneladas anuais na Bahia at\u00e9 2014.<\/p>\n<p>Tamb\u00e9m comunica que, al\u00e9m da amplia\u00e7\u00e3o do volume de cr\u00e9dito com juros menores e prazos estendidos, os beneficiados contar\u00e3o com assist\u00eancia t\u00e9cnica para melhor aplica\u00e7\u00e3o dos recursos em seus projetos. O cr\u00e9dito ser\u00e1 concedido pelo Banco Nacional do Desenvolvimento Econ\u00f4mico e Social (BNDES), Banco do Nordeste, Banco do Brasil, Banco da Amaz\u00f4nia, Caixa Econ\u00f4mica Federal e cooperativas de cr\u00e9dito.<\/p>\n<p>&#8212;<br \/>\nSecretaria de Comunica\u00e7\u00e3o Social (Secom)<br \/>\nIlh\u00e9us \u2013 21.05.2013<\/p>\n","protected":false},"excerpt":{"rendered":"<p>O Plano Safra da Pesca e Aquicultura, programa nacional do governo federal, ser\u00e1 lan\u00e7ado regionalmente em Ilh\u00e9us, na pr\u00f3xima quinta-feira, 23, no audit\u00f3rio da Comiss\u00e3o Executiva do Plano da Lavoura Cacaueira \u2013 Ceplac \u2013 localizado no centro da cidade, \u00e0s 15 horas. A solenidade ser\u00e1 presidida pela superintendente da Pesca e Aquicultura no Estado Bahia, [&hellip;]<\/p>\n","protected":false},"author":2,"featured_media":0,"comment_status":"open","ping_status":"open","sticky":false,"template":"","format":"standard","meta":{"_links_to":"","_links_to_target":""},"categories":[23],"tags":[],"_links":{"self":[{"href":"https:\/\/www.r2cpress.com.br\/v1\/wp-json\/wp\/v2\/posts\/65715"}],"collection":[{"href":"https:\/\/www.r2cpress.com.br\/v1\/wp-json\/wp\/v2\/posts"}],"about":[{"href":"https:\/\/www.r2cpress.com.br\/v1\/wp-json\/wp\/v2\/types\/post"}],"author":[{"embeddable":true,"href":"https:\/\/www.r2cpress.com.br\/v1\/wp-json\/wp\/v2\/users\/2"}],"replies":[{"embeddable":true,"href":"https:\/\/www.r2cpress.com.br\/v1\/wp-json\/wp\/v2\/comments?post=65715"}],"version-history":[{"count":2,"href":"https:\/\/www.r2cpress.com.br\/v1\/wp-json\/wp\/v2\/posts\/65715\/revisions"}],"predecessor-version":[{"id":65717,"href":"https:\/\/www.r2cpress.com.br\/v1\/wp-json\/wp\/v2\/posts\/65715\/revisions\/65717"}],"wp:attachment":[{"href":"https:\/\/www.r2cpress.com.br\/v1\/wp-json\/wp\/v2\/media?parent=65715"}],"wp:term":[{"taxonomy":"category","embeddable":true,"href":"https:\/\/www.r2cpress.com.br\/v1\/wp-json\/wp\/v2\/categories?post=65715"},{"taxonomy":"post_tag","embeddable":true,"href":"https:\/\/www.r2cpress.com.br\/v1\/wp-json\/wp\/v2\/tags?post=65715"}],"curies":[{"name":"wp","href":"https:\/\/api.w.org\/{rel}","templated":true}]}}