{"id":65734,"date":"2013-05-21T18:05:14","date_gmt":"2013-05-21T21:05:14","guid":{"rendered":"http:\/\/www.r2cpress.com.br\/v1\/?p=65734"},"modified":"2013-05-21T18:24:52","modified_gmt":"2013-05-21T21:24:52","slug":"denuncia-de-estupro-de-crianca-de-5-anos-em-ilheus","status":"publish","type":"post","link":"https:\/\/www.r2cpress.com.br\/v1\/2013\/05\/21\/denuncia-de-estupro-de-crianca-de-5-anos-em-ilheus\/","title":{"rendered":"Denuncia de Estupro de Crian\u00e7a de 5 anos em Ilh\u00e9us"},"content":{"rendered":"<p>Foi preso na tarde do dia 20\/05 no bairro Pontal em Ilh\u00e9us, um cidad\u00e3o de 56 anos, apelidado de \u201c&#8230;\u201d, morador do Pontal, acusado de estuprar uma crian\u00e7a de 5 anos. Segundo a m\u00e3e Michele &#8230;, tamb\u00e9m moradora do Pontal, o acusado era quem buscava as crian\u00e7as na creche. A Professora da crian\u00e7a notou ao dar banho na mesma, que ela se queixava de dores na regi\u00e3o genital e ao verificar percebeu que havia uma not\u00f3ria alterac\u00e3o, e em seguida chamou a pol\u00edcia. Na delegacia o Delegado Dr Norberto Teixeira solicitou exame de corpo de delito onde foi comprovado o crime. H\u00e1 suspeita do acusado ter estuprado tamb\u00e9m a outra irm\u00e3 e irm\u00e3o, aguarda-se resultado da per\u00edcia. O acusado \u201c&#8230;\u201d foi encaminhado para o Prez\u00eddio Ariston Cardoso e est\u00e1 a disposi\u00e7\u00e3o da justi\u00e7a. Segundo o Conselho Tutelar a m\u00e3e pode perder a guarda das crian\u00e7as al\u00e9m de ser indiciada por neglig\u00eancia e favorecimento ao estupro de incapaz.<\/p>\n<p>&#8212;<\/p>\n","protected":false},"excerpt":{"rendered":"<p>Foi preso na tarde do dia 20\/05 no bairro Pontal em Ilh\u00e9us, um cidad\u00e3o de 56 anos, apelidado de \u201c&#8230;\u201d, morador do Pontal, acusado de estuprar uma crian\u00e7a de 5 anos. Segundo a m\u00e3e Michele &#8230;, tamb\u00e9m moradora do Pontal, o acusado era quem buscava as crian\u00e7as na creche. A Professora da crian\u00e7a notou ao [&hellip;]<\/p>\n","protected":false},"author":2,"featured_media":0,"comment_status":"open","ping_status":"open","sticky":false,"template":"","format":"standard","meta":{"_links_to":"","_links_to_target":""},"categories":[25],"tags":[],"_links":{"self":[{"href":"https:\/\/www.r2cpress.com.br\/v1\/wp-json\/wp\/v2\/posts\/65734"}],"collection":[{"href":"https:\/\/www.r2cpress.com.br\/v1\/wp-json\/wp\/v2\/posts"}],"about":[{"href":"https:\/\/www.r2cpress.com.br\/v1\/wp-json\/wp\/v2\/types\/post"}],"author":[{"embeddable":true,"href":"https:\/\/www.r2cpress.com.br\/v1\/wp-json\/wp\/v2\/users\/2"}],"replies":[{"embeddable":true,"href":"https:\/\/www.r2cpress.com.br\/v1\/wp-json\/wp\/v2\/comments?post=65734"}],"version-history":[{"count":2,"href":"https:\/\/www.r2cpress.com.br\/v1\/wp-json\/wp\/v2\/posts\/65734\/revisions"}],"predecessor-version":[{"id":65736,"href":"https:\/\/www.r2cpress.com.br\/v1\/wp-json\/wp\/v2\/posts\/65734\/revisions\/65736"}],"wp:attachment":[{"href":"https:\/\/www.r2cpress.com.br\/v1\/wp-json\/wp\/v2\/media?parent=65734"}],"wp:term":[{"taxonomy":"category","embeddable":true,"href":"https:\/\/www.r2cpress.com.br\/v1\/wp-json\/wp\/v2\/categories?post=65734"},{"taxonomy":"post_tag","embeddable":true,"href":"https:\/\/www.r2cpress.com.br\/v1\/wp-json\/wp\/v2\/tags?post=65734"}],"curies":[{"name":"wp","href":"https:\/\/api.w.org\/{rel}","templated":true}]}}