{"id":65739,"date":"2013-05-21T23:02:38","date_gmt":"2013-05-22T02:02:38","guid":{"rendered":"http:\/\/www.r2cpress.com.br\/v1\/?p=65739"},"modified":"2013-05-21T23:02:38","modified_gmt":"2013-05-22T02:02:38","slug":"68a-cipm-ilheus-bahia","status":"publish","type":"post","link":"https:\/\/www.r2cpress.com.br\/v1\/2013\/05\/21\/68a-cipm-ilheus-bahia\/","title":{"rendered":"68\u00aa CIPM \/  ILH\u00c9US-BAHIA"},"content":{"rendered":"<p><center><a href=\"http:\/\/www.r2cpress.com.br\/v1\/wp-content\/uploads\/68-e-PM.jpg\"><img loading=\"lazy\" class=\"aligncenter size-full wp-image-65740\" alt=\"68 e PM\" src=\"http:\/\/www.r2cpress.com.br\/v1\/wp-content\/uploads\/68-e-PM.jpg\" width=\"600\" height=\"119\" srcset=\"https:\/\/www.r2cpress.com.br\/v1\/wp-content\/uploads\/68-e-PM.jpg 600w, https:\/\/www.r2cpress.com.br\/v1\/wp-content\/uploads\/68-e-PM-300x59.jpg 300w\" sizes=\"(max-width: 600px) 100vw, 600px\" \/><\/a><\/center><\/p>\n<h2 style=\"text-align: center;\"><strong>Lan\u00e7ado o N\u00facleo Crist\u00e3o da 68\u00aa CIPM-Ilh\u00e9us<\/strong><\/h2>\n<p>No dia 21\/05\/2013 \u00e0s 09h00, foi lan\u00e7ado o N\u00facleo Crist\u00e3o da 68\u00aa CIPM-Ilh\u00e9us, no Audit\u00f3rio do Ilh\u00e9us Praia Hotel. Estavam presentes: o Cel PM Antonio Jos\u00e9 Barbosa Reis, Comandante do CPRS, o Maj. PM Jos\u00e9 Di\u00f3genes C\u00e2mara Alves, Cmt da 68\u00aa CIPM, O Maj. PM Joelson Rezende Gondim, Sub Comandante do 5\u00ba GBM &#8211; Ilh\u00e9us, o Maj. PM Marcos Vinicius Chastinet, Diretor do CPM- Ilh\u00e9us, al\u00e9m de oficiais e pra\u00e7as do 5\u00ba GBM, 2\u00ba BPM-Ilh\u00e9us, da 68\u00aa CIPM \u2013 Ilh\u00e9us, da 69\u00aa CIPM &#8211; Ilh\u00e9us\/Zona Sul, e da 70\u00aa CIPM -Ilh\u00e9us\/Zona Norte. O evento contou com aproximadamente 70 (setenta) pessoas, dentre militares e civis.<\/p>\n<p><center><a href=\"http:\/\/www.r2cpress.com.br\/v1\/wp-content\/uploads\/CAPA-R2CPRESS144.jpg\"><img loading=\"lazy\" class=\"aligncenter size-full wp-image-65741\" alt=\"CAPA R2CPRESS\" src=\"http:\/\/www.r2cpress.com.br\/v1\/wp-content\/uploads\/CAPA-R2CPRESS144.jpg\" width=\"600\" height=\"1084\" srcset=\"https:\/\/www.r2cpress.com.br\/v1\/wp-content\/uploads\/CAPA-R2CPRESS144.jpg 600w, https:\/\/www.r2cpress.com.br\/v1\/wp-content\/uploads\/CAPA-R2CPRESS144-166x300.jpg 166w, https:\/\/www.r2cpress.com.br\/v1\/wp-content\/uploads\/CAPA-R2CPRESS144-566x1024.jpg 566w\" sizes=\"(max-width: 600px) 100vw, 600px\" \/><\/a><\/center>A programa\u00e7\u00e3o ficou a cargo da 68\u00aa CIPM onde teve como mestre de cerim\u00f4nia o Ten PM Marcos Menezes (68\u00aa CIPM), L\u00edder do Minist\u00e9rio de Louvor, a Cap. BM Ana Isabel (5\u00ba GBM), Pregador Oficial, o Pastor da Igreja Batista Filad\u00e9lfia do Bairro Teot\u00f4nio Vilela e Cb BM Jos\u00e9 Santos (5\u00ba GBM), o Pastor da Igreja Assembleia de Deus Fraternal em Oliven\u00e7a e Sd PM Gilmar Souza Costa, que teve a miss\u00e3o de fazer a leitura da Separata que institui a Cria\u00e7\u00e3o do N\u00facleo Crist\u00e3o da Policia Militar da Bahia e convidou os eleitos para assumirem a diretoria do n\u00facleo em lide, composta pelo Ten PM Arlindo L\u00facio, Presidente, Sgt PM Cleide Cristiane Souza, Respons\u00e1vel pelos Assuntos Femininos e a Sd PM Sarah Indira Guerra, Secret\u00e1ria do N\u00facleo.<br \/>\nComo participa\u00e7\u00f5es especiais, estiveram no evento, \u00e0 cantora e pastora Claudiane Souza, com louvores e hinos espirituais e o grupo de Coreografia Fraternal que encerrou o evento de maneira brilhante. Todos foram convidados para um delicioso Coquetel.<br \/>\nO n\u00facleo Crist\u00e3o tem como objetivo levar o Evangelho aos Policiais Militares, bem como prestar assist\u00eancia biopsicossocial de forma que os Policiais Militares possam estar bem consigo mesmo, tendo sempre como caminho a estrada do Sr. Jesus, onde encontrar\u00e3o a sa\u00fade, a paz, a harmonia, a gra\u00e7a de Deus, o verdadeiro tesouro, a felicidade, e a vida eterna.<\/p>\n","protected":false},"excerpt":{"rendered":"<p>Lan\u00e7ado o N\u00facleo Crist\u00e3o da 68\u00aa CIPM-Ilh\u00e9us No dia 21\/05\/2013 \u00e0s 09h00, foi lan\u00e7ado o N\u00facleo Crist\u00e3o da 68\u00aa CIPM-Ilh\u00e9us, no Audit\u00f3rio do Ilh\u00e9us Praia Hotel. Estavam presentes: o Cel PM Antonio Jos\u00e9 Barbosa Reis, Comandante do CPRS, o Maj. PM Jos\u00e9 Di\u00f3genes C\u00e2mara Alves, Cmt da 68\u00aa CIPM, O Maj. PM Joelson Rezende Gondim, [&hellip;]<\/p>\n","protected":false},"author":2,"featured_media":0,"comment_status":"open","ping_status":"open","sticky":false,"template":"","format":"standard","meta":{"_links_to":"","_links_to_target":""},"categories":[25],"tags":[],"_links":{"self":[{"href":"https:\/\/www.r2cpress.com.br\/v1\/wp-json\/wp\/v2\/posts\/65739"}],"collection":[{"href":"https:\/\/www.r2cpress.com.br\/v1\/wp-json\/wp\/v2\/posts"}],"about":[{"href":"https:\/\/www.r2cpress.com.br\/v1\/wp-json\/wp\/v2\/types\/post"}],"author":[{"embeddable":true,"href":"https:\/\/www.r2cpress.com.br\/v1\/wp-json\/wp\/v2\/users\/2"}],"replies":[{"embeddable":true,"href":"https:\/\/www.r2cpress.com.br\/v1\/wp-json\/wp\/v2\/comments?post=65739"}],"version-history":[{"count":4,"href":"https:\/\/www.r2cpress.com.br\/v1\/wp-json\/wp\/v2\/posts\/65739\/revisions"}],"predecessor-version":[{"id":65745,"href":"https:\/\/www.r2cpress.com.br\/v1\/wp-json\/wp\/v2\/posts\/65739\/revisions\/65745"}],"wp:attachment":[{"href":"https:\/\/www.r2cpress.com.br\/v1\/wp-json\/wp\/v2\/media?parent=65739"}],"wp:term":[{"taxonomy":"category","embeddable":true,"href":"https:\/\/www.r2cpress.com.br\/v1\/wp-json\/wp\/v2\/categories?post=65739"},{"taxonomy":"post_tag","embeddable":true,"href":"https:\/\/www.r2cpress.com.br\/v1\/wp-json\/wp\/v2\/tags?post=65739"}],"curies":[{"name":"wp","href":"https:\/\/api.w.org\/{rel}","templated":true}]}}