{"id":65750,"date":"2013-05-21T23:26:34","date_gmt":"2013-05-22T02:26:34","guid":{"rendered":"http:\/\/www.r2cpress.com.br\/v1\/?p=65750"},"modified":"2013-05-21T23:26:34","modified_gmt":"2013-05-22T02:26:34","slug":"vereador-cosme-araujo-apresentara-emenda-modificativa-a-lei-organica-do-municipio","status":"publish","type":"post","link":"https:\/\/www.r2cpress.com.br\/v1\/2013\/05\/21\/vereador-cosme-araujo-apresentara-emenda-modificativa-a-lei-organica-do-municipio\/","title":{"rendered":"Vereador Cosme Ara\u00fajo apresentar\u00e1 Emenda Modificativa \u00e0 Lei Org\u00e2nica do Munic\u00edpio"},"content":{"rendered":"<div id=\"attachment_65751\" style=\"width: 236px\" class=\"wp-caption alignleft\"><a href=\"http:\/\/www.r2cpress.com.br\/v1\/wp-content\/uploads\/Vereador-ilheense-Cosme-Ara\u00fajo-PDT..png\"><img aria-describedby=\"caption-attachment-65751\" loading=\"lazy\" class=\"size-full wp-image-65751\" alt=\"Vereador ilheense, Cosme Ara\u00fajo (PDT).\" src=\"http:\/\/www.r2cpress.com.br\/v1\/wp-content\/uploads\/Vereador-ilheense-Cosme-Ara\u00fajo-PDT..png\" width=\"226\" height=\"149\" \/><\/a><p id=\"caption-attachment-65751\" class=\"wp-caption-text\">Vereador ilheense, Cosme Ara\u00fajo (PDT).<\/p><\/div>\n<p>O vereador e advogado ilheense, COSME ARA\u00daJO (PDT), apresentar\u00e1 na C\u00e2mara Municipal de Ilh\u00e9us, Emenda Modificativa \u00e0 Lei Org\u00e2nica do Munic\u00edpio, propondo em plen\u00e1rio e, por compet\u00eancia, a altera\u00e7\u00e3o do Art.27 da LOMI, que disp\u00f5e sobre as reuni\u00f5es e sess\u00f5es da Casa de leis.<\/p>\n<p>Atualmente n\u00e3o existe paridade entre o Art.27 da LOMI com o Art. 57 da Constitui\u00e7\u00e3o Federal, em fun\u00e7\u00e3o da EC 50, j\u00e1 alterada e atualizada desde 2006.<\/p>\n<p>Pela proposta do parlamentar, a emenda modificativa visa adequar-se aos novos ditames da Constitui\u00e7\u00e3o Federal, no que diz respeito <i>DAS REUNI\u00d5ES<\/i>, em equival\u00eancia e igualdade aos mesmos per\u00edodos de atividades legislativas e recesso com o Congresso Nacional. A altera\u00e7\u00e3o, apesar de simples, contribuir\u00e1 para ordenamento e unidade entre as casas legislativas.<\/p>\n<p>Na interpreta\u00e7\u00e3o jur\u00eddica do propositor, a nova reda\u00e7\u00e3o do Art.27 da LOMI passaria a vigorar, com a seguinte reda\u00e7\u00e3o: \u201cA C\u00e2mara Municipal de Ilh\u00e9us reunir-se-\u00e1, anualmente, de 2 de fevereiro a 17 de julho e de 1\u00ba de agosto a 22 de dezembro.<\/p>\n<p>Para o propositor da Emenda, Cosme Ara\u00fajo, que tamb\u00e9m \u00e9 membro titular da Comiss\u00e3o de Constitui\u00e7\u00e3o e Justi\u00e7a do Legislativo ilheense, este \u00e9 o primeiro passo de muitos que ser\u00e3o alcan\u00e7ados. \u201cGradativamente precisamos mudar, avan\u00e7ar e atualizar nossas leis. O direito \u00e9 din\u00e2mico\u201d, pontua o Ara\u00fajo.<\/p>\n<p>&#8212;<\/p>\n<p>A I\/V<\/p>\n","protected":false},"excerpt":{"rendered":"<p>O vereador e advogado ilheense, COSME ARA\u00daJO (PDT), apresentar\u00e1 na C\u00e2mara Municipal de Ilh\u00e9us, Emenda Modificativa \u00e0 Lei Org\u00e2nica do Munic\u00edpio, propondo em plen\u00e1rio e, por compet\u00eancia, a altera\u00e7\u00e3o do Art.27 da LOMI, que disp\u00f5e sobre as reuni\u00f5es e sess\u00f5es da Casa de leis. Atualmente n\u00e3o existe paridade entre o Art.27 da LOMI com o [&hellip;]<\/p>\n","protected":false},"author":2,"featured_media":0,"comment_status":"open","ping_status":"open","sticky":false,"template":"","format":"standard","meta":{"_links_to":"","_links_to_target":""},"categories":[22],"tags":[],"_links":{"self":[{"href":"https:\/\/www.r2cpress.com.br\/v1\/wp-json\/wp\/v2\/posts\/65750"}],"collection":[{"href":"https:\/\/www.r2cpress.com.br\/v1\/wp-json\/wp\/v2\/posts"}],"about":[{"href":"https:\/\/www.r2cpress.com.br\/v1\/wp-json\/wp\/v2\/types\/post"}],"author":[{"embeddable":true,"href":"https:\/\/www.r2cpress.com.br\/v1\/wp-json\/wp\/v2\/users\/2"}],"replies":[{"embeddable":true,"href":"https:\/\/www.r2cpress.com.br\/v1\/wp-json\/wp\/v2\/comments?post=65750"}],"version-history":[{"count":3,"href":"https:\/\/www.r2cpress.com.br\/v1\/wp-json\/wp\/v2\/posts\/65750\/revisions"}],"predecessor-version":[{"id":65754,"href":"https:\/\/www.r2cpress.com.br\/v1\/wp-json\/wp\/v2\/posts\/65750\/revisions\/65754"}],"wp:attachment":[{"href":"https:\/\/www.r2cpress.com.br\/v1\/wp-json\/wp\/v2\/media?parent=65750"}],"wp:term":[{"taxonomy":"category","embeddable":true,"href":"https:\/\/www.r2cpress.com.br\/v1\/wp-json\/wp\/v2\/categories?post=65750"},{"taxonomy":"post_tag","embeddable":true,"href":"https:\/\/www.r2cpress.com.br\/v1\/wp-json\/wp\/v2\/tags?post=65750"}],"curies":[{"name":"wp","href":"https:\/\/api.w.org\/{rel}","templated":true}]}}