{"id":65757,"date":"2013-05-21T23:35:49","date_gmt":"2013-05-22T02:35:49","guid":{"rendered":"http:\/\/www.r2cpress.com.br\/v1\/?p=65757"},"modified":"2013-05-21T23:35:49","modified_gmt":"2013-05-22T02:35:49","slug":"torneio-marcara-reabertura-do-clube-ilheense-de-xadrez","status":"publish","type":"post","link":"https:\/\/www.r2cpress.com.br\/v1\/2013\/05\/21\/torneio-marcara-reabertura-do-clube-ilheense-de-xadrez\/","title":{"rendered":"Torneio marcar\u00e1 reabertura do Clube Ilheense de Xadrez"},"content":{"rendered":"<p>Vai acontecer no Pontal Praia Hotel, em Ilh\u00e9us, no pr\u00f3ximo s\u00e1bado, dia 25, um torneio de xadrez, aberto \u00e0 participa\u00e7\u00e3o de enxadristas de todos os n\u00edveis, para marcar o in\u00edcio da reativa\u00e7\u00e3o das atividades do Clube Ilheense de Xadrez (CIX). A competi\u00e7\u00e3o, com o tempo de reflex\u00e3o de 21 minutos, ter\u00e1 cinco rodadas e ser\u00e1 iniciada \u00e0s 14hs, ap\u00f3s o processo de composi\u00e7\u00e3o e elei\u00e7\u00e3o da nova diretoria do CIX, prevendo-se a participa\u00e7\u00e3o m\u00e1xima de 26 jogadores, devido \u00e0s limita\u00e7\u00f5es do espa\u00e7o. Os jogadores devem levar jogos de pe\u00e7as e rel\u00f3gios de xadrez, caso os tenham.<\/p>\n<p>O Clube Ilheense de Xadrez foi fundado no ano 2000, mas estava sem promover nenhuma atividade h\u00e1 v\u00e1rios anos. Agora, com o apoio da Federa\u00e7\u00e3o Bahiana de Xadrez (FBX), um grupo de enxadristas de Ilh\u00e9us, decidiu reiniciar as atividades do CIX, reorganizando a diretoria e abrindo uma campanha de filia\u00e7\u00f5es. A competi\u00e7\u00e3o deste s\u00e1bado e o processo de revitaliza\u00e7\u00e3o do clube est\u00e3o recebendo o apoio do Pontal Praia Hotel.<\/p>\n<p>O torneio de s\u00e1bado ter\u00e1 o car\u00e1ter de confraterniza\u00e7\u00e3o, marcando a reativa\u00e7\u00e3o do clube, e a inscri\u00e7\u00e3o ser\u00e1 concretizada pela compra de pelo menos um bilhete da rifa que a FBX est\u00e1 promovendo para arrecada\u00e7\u00e3o de recursos necess\u00e1rios \u00e0 realiza\u00e7\u00e3o da final do Campeonato Baiano Absoluto de Xadrez, para o qual a regi\u00e3o sul da Bahia ter\u00e1 direito, pela primeira vez, a seis vagas. Mais informa\u00e7\u00f5es podem ser obtidas pelo telefone <a href=\"tel:%2873-9121-8858\" target=\"_blank\">(73-9121-8858<\/a>), com o professor Itamar Bento.<\/p>\n<p>&nbsp;<\/p>\n<p><b>Secretaria de Comunica\u00e7\u00e3o Social (Secom)<\/b><\/p>\n<p><b>Ilh\u00e9us \u2013 21.05.2013<br \/>\n<\/b><\/p>\n","protected":false},"excerpt":{"rendered":"<p>Vai acontecer no Pontal Praia Hotel, em Ilh\u00e9us, no pr\u00f3ximo s\u00e1bado, dia 25, um torneio de xadrez, aberto \u00e0 participa\u00e7\u00e3o de enxadristas de todos os n\u00edveis, para marcar o in\u00edcio da reativa\u00e7\u00e3o das atividades do Clube Ilheense de Xadrez (CIX). A competi\u00e7\u00e3o, com o tempo de reflex\u00e3o de 21 minutos, ter\u00e1 cinco rodadas e ser\u00e1 [&hellip;]<\/p>\n","protected":false},"author":2,"featured_media":0,"comment_status":"open","ping_status":"open","sticky":false,"template":"","format":"standard","meta":{"_links_to":"","_links_to_target":""},"categories":[23],"tags":[],"_links":{"self":[{"href":"https:\/\/www.r2cpress.com.br\/v1\/wp-json\/wp\/v2\/posts\/65757"}],"collection":[{"href":"https:\/\/www.r2cpress.com.br\/v1\/wp-json\/wp\/v2\/posts"}],"about":[{"href":"https:\/\/www.r2cpress.com.br\/v1\/wp-json\/wp\/v2\/types\/post"}],"author":[{"embeddable":true,"href":"https:\/\/www.r2cpress.com.br\/v1\/wp-json\/wp\/v2\/users\/2"}],"replies":[{"embeddable":true,"href":"https:\/\/www.r2cpress.com.br\/v1\/wp-json\/wp\/v2\/comments?post=65757"}],"version-history":[{"count":2,"href":"https:\/\/www.r2cpress.com.br\/v1\/wp-json\/wp\/v2\/posts\/65757\/revisions"}],"predecessor-version":[{"id":65759,"href":"https:\/\/www.r2cpress.com.br\/v1\/wp-json\/wp\/v2\/posts\/65757\/revisions\/65759"}],"wp:attachment":[{"href":"https:\/\/www.r2cpress.com.br\/v1\/wp-json\/wp\/v2\/media?parent=65757"}],"wp:term":[{"taxonomy":"category","embeddable":true,"href":"https:\/\/www.r2cpress.com.br\/v1\/wp-json\/wp\/v2\/categories?post=65757"},{"taxonomy":"post_tag","embeddable":true,"href":"https:\/\/www.r2cpress.com.br\/v1\/wp-json\/wp\/v2\/tags?post=65757"}],"curies":[{"name":"wp","href":"https:\/\/api.w.org\/{rel}","templated":true}]}}