{"id":65907,"date":"2013-05-23T22:18:17","date_gmt":"2013-05-24T01:18:17","guid":{"rendered":"http:\/\/www.r2cpress.com.br\/v1\/?p=65907"},"modified":"2013-05-23T22:18:17","modified_gmt":"2013-05-24T01:18:17","slug":"secretaria-de-desenvolvimento-de-ilheus-cria-balcao-do-emprego","status":"publish","type":"post","link":"https:\/\/www.r2cpress.com.br\/v1\/2013\/05\/23\/secretaria-de-desenvolvimento-de-ilheus-cria-balcao-do-emprego\/","title":{"rendered":"Secretaria de Desenvolvimento de Ilh\u00e9us cria Balc\u00e3o do Emprego"},"content":{"rendered":"<p>Fazer a intermedia\u00e7\u00e3o entre empresas e profissionais \u00e9 o objetivo do Programa Balc\u00e3o do Emprego, que est\u00e1 em fase de elabora\u00e7\u00e3o pela Prefeitura de Ilh\u00e9us, atrav\u00e9s da Secretaria Municipal de Desenvolvimento Social de Ilh\u00e9us (SDS). A informa\u00e7\u00e3o foi concedida pelo titular da pasta, Jamil Ock\u00e9, durante a aula inaugural do Programa Nacional de Acesso ao Ensino T\u00e9cnico e Emprego (Pronatec) para turmas de 2013, que contou com a presen\u00e7a do vice-prefeito de Ilh\u00e9us e secret\u00e1rio Municipal da Ind\u00fastria e Com\u00e9rcio, Carlos Machado (Cac\u00e1).<\/p>\n<div id=\"attachment_65908\" style=\"width: 510px\" class=\"wp-caption aligncenter\"><a href=\"http:\/\/www.r2cpress.com.br\/v1\/wp-content\/uploads\/Aula-Inaugural-do-Pronatec-Foto-Alfredo-Filho-Secom-Ilh\u00e9us-7.jpg\"><img aria-describedby=\"caption-attachment-65908\" loading=\"lazy\" class=\"size-full wp-image-65908\" alt=\"Aula Inaugural do Pronatec - Foto Alfredo Filho - Secom Ilh\u00e9us.\" src=\"http:\/\/www.r2cpress.com.br\/v1\/wp-content\/uploads\/Aula-Inaugural-do-Pronatec-Foto-Alfredo-Filho-Secom-Ilh\u00e9us-7.jpg\" width=\"500\" height=\"283\" srcset=\"https:\/\/www.r2cpress.com.br\/v1\/wp-content\/uploads\/Aula-Inaugural-do-Pronatec-Foto-Alfredo-Filho-Secom-Ilh\u00e9us-7.jpg 500w, https:\/\/www.r2cpress.com.br\/v1\/wp-content\/uploads\/Aula-Inaugural-do-Pronatec-Foto-Alfredo-Filho-Secom-Ilh\u00e9us-7-300x169.jpg 300w\" sizes=\"(max-width: 500px) 100vw, 500px\" \/><\/a><p id=\"caption-attachment-65908\" class=\"wp-caption-text\">Aula Inaugural do Pronatec &#8211; Foto Alfredo Filho &#8211; Secom Ilh\u00e9us.<\/p><\/div>\n<p>O Balc\u00e3o do Emprego servir\u00e1 de banco de dados para empres\u00e1rios que queiram curr\u00edculos de profissionais para com\u00e9rcio, ind\u00fastria e tamb\u00e9m para a constru\u00e7\u00e3o civil.\u00a0\u00a0A aula inaugural do Pronatec ocorreu na tarde da quarta-feira, 22, no audit\u00f3rio principal do Instituto Federal da Bahia (IFBA).<\/p>\n<p>Durante a solenidade, Carlos Machado destacou a import\u00e2ncia do programa, considerando os investimentos que chegar\u00e3o a Ilh\u00e9us. \u201cEstamos nos preparando para receber v\u00e1rios investimentos, como a constru\u00e7\u00e3o da ponte que far\u00e1 a liga\u00e7\u00e3o zona sul-centro da cidade, o N\u00facleo do Sistema Baiano de Incuba\u00e7\u00e3o, a requalifica\u00e7\u00e3o da Central de Abastecimento do Malhado, junto com v\u00e1rios outros empreendimentos da iniciativa privada previstos para ser instalados no nosso munic\u00edpio\u201d, observou o vice-prefeito.<\/p>\n<p><!--more--><\/p>\n<p>Cac\u00e1 lembrou tamb\u00e9m a implanta\u00e7\u00e3o do gasoduto Itabuna-Ilh\u00e9us, a duplica\u00e7\u00e3o Rodovia BR-415, no trecho entre Ilh\u00e9us-Itabuna, a Ferrovia Oeste Leste (Fiol) e o Porto Sul. \u201cEstes empreendimentos est\u00e3o em fase de implanta\u00e7\u00e3o e v\u00e3o gerar muitos empregos para os ilheenses e moradores de toda a regi\u00e3o\u201d, frisou.<\/p>\n<p><b>Mais vagas<\/b>\u00a0\u2013 Segundo o coordenador do Pronatec, em Ilh\u00e9us, Christian Ricardo, devem ser geradas at\u00e9 o final do ano mais 1.500 vagas, em parceria com os munic\u00edpios de Ilh\u00e9us e de Itabuna.<\/p>\n<p>Jamil Ock\u00e9 observou que os cursos de forma\u00e7\u00e3o inicial e continuada e qualifica\u00e7\u00e3o profissional s\u00e3o oportunidades para estudantes e pessoas que est\u00e3o fora do mercado de trabalho se qualificarem. Conforme o secret\u00e1rio, as vagas direcionadas ao munic\u00edpio est\u00e3o de acordo com a realidade local.<\/p>\n<p>Ilh\u00e9us foi contemplado com os cursos de Agente de Alimenta\u00e7\u00e3o Escolar, Assistente de Planejamento e Controle de Produ\u00e7\u00e3o, Assistente de Opera\u00e7\u00e3o de Log\u00edstica Portu\u00e1ria, Auxiliar de Fiscaliza\u00e7\u00e3o Ambiental, Auxiliar Administrativo, Camareira em Meios de Hospedagem, Fot\u00f3grafo, Espanhol Aplicado a Servi\u00e7os Tur\u00edsticos, Operador de Computador, Ingl\u00eas Aplicado a Servi\u00e7os Tur\u00edsticos e Montador e Reparador de Computador. Alguns desses cursos ir\u00e3o abranger tamb\u00e9m o Pronatec Ind\u00edgena, que atender\u00e1 a popula\u00e7\u00e3o de Oliven\u00e7a.<\/p>\n<p>O programa, foi institu\u00eddo pela Lei Federal 12.513\/11, visa oferecer oito milh\u00f5es de vagas, com prioridade para estudantes de ensino m\u00e9dio da rede p\u00fablica, trabalhadores e benefici\u00e1rios de programas federais al\u00e9m de incluir fam\u00edlias de baixa renda, pessoas inscritas no Sistema Nacional de Emprego (SINE) ou que est\u00e3o em situa\u00e7\u00e3o de Seguro-Desemprego.<\/p>\n<p>&nbsp;<\/p>\n<p><b>Secretaria de Comunica\u00e7\u00e3o Social (Secom)<\/b><\/p>\n<p><b>Ilh\u00e9us \u2013 23.05.2013<\/b><\/p>\n","protected":false},"excerpt":{"rendered":"<p>Fazer a intermedia\u00e7\u00e3o entre empresas e profissionais \u00e9 o objetivo do Programa Balc\u00e3o do Emprego, que est\u00e1 em fase de elabora\u00e7\u00e3o pela Prefeitura de Ilh\u00e9us, atrav\u00e9s da Secretaria Municipal de Desenvolvimento Social de Ilh\u00e9us (SDS). A informa\u00e7\u00e3o foi concedida pelo titular da pasta, Jamil Ock\u00e9, durante a aula inaugural do Programa Nacional de Acesso ao [&hellip;]<\/p>\n","protected":false},"author":2,"featured_media":0,"comment_status":"open","ping_status":"open","sticky":false,"template":"","format":"standard","meta":{"_links_to":"","_links_to_target":""},"categories":[23],"tags":[],"_links":{"self":[{"href":"https:\/\/www.r2cpress.com.br\/v1\/wp-json\/wp\/v2\/posts\/65907"}],"collection":[{"href":"https:\/\/www.r2cpress.com.br\/v1\/wp-json\/wp\/v2\/posts"}],"about":[{"href":"https:\/\/www.r2cpress.com.br\/v1\/wp-json\/wp\/v2\/types\/post"}],"author":[{"embeddable":true,"href":"https:\/\/www.r2cpress.com.br\/v1\/wp-json\/wp\/v2\/users\/2"}],"replies":[{"embeddable":true,"href":"https:\/\/www.r2cpress.com.br\/v1\/wp-json\/wp\/v2\/comments?post=65907"}],"version-history":[{"count":3,"href":"https:\/\/www.r2cpress.com.br\/v1\/wp-json\/wp\/v2\/posts\/65907\/revisions"}],"predecessor-version":[{"id":65911,"href":"https:\/\/www.r2cpress.com.br\/v1\/wp-json\/wp\/v2\/posts\/65907\/revisions\/65911"}],"wp:attachment":[{"href":"https:\/\/www.r2cpress.com.br\/v1\/wp-json\/wp\/v2\/media?parent=65907"}],"wp:term":[{"taxonomy":"category","embeddable":true,"href":"https:\/\/www.r2cpress.com.br\/v1\/wp-json\/wp\/v2\/categories?post=65907"},{"taxonomy":"post_tag","embeddable":true,"href":"https:\/\/www.r2cpress.com.br\/v1\/wp-json\/wp\/v2\/tags?post=65907"}],"curies":[{"name":"wp","href":"https:\/\/api.w.org\/{rel}","templated":true}]}}