{"id":65920,"date":"2013-05-24T09:21:43","date_gmt":"2013-05-24T12:21:43","guid":{"rendered":"http:\/\/www.r2cpress.com.br\/v1\/?p=65920"},"modified":"2013-05-24T13:09:55","modified_gmt":"2013-05-24T16:09:55","slug":"ate-quando-4","status":"publish","type":"post","link":"https:\/\/www.r2cpress.com.br\/v1\/2013\/05\/24\/ate-quando-4\/","title":{"rendered":"AT\u00c9 QUANDO?"},"content":{"rendered":"<p><img loading=\"lazy\" src=\"http:\/\/www.r2cpress.com.br\/v1\/wp-content\/uploads\/NILSON-PESSOA_MODIFICADA.jpg\" width=\"300\" height=\"209\" class=\"alignleft\" \/>No dia 8 de maio \u00faltimo surgiu um trator para juntar o lixo da &#8220;Z\u00e2mbia&#8221;, formando uma montanha.<br \/>\nEst\u00e1 l\u00e1 at\u00e9 hoje (n\u00e3o o trator, a montanha), adentrando \u00e0 terceira semana sem recolher.<br \/>\nHonestamente, n\u00e3o d\u00e1 pra entender qual a inten\u00e7\u00e3o da Prefeitura para com a &#8220;Z\u00e2mbia&#8221;. \u00c9 piorar de vez a situa\u00e7\u00e3o? \u00c9 ir juntando o lixo pra poder caber cada vez mais lixo no local? \u00c9 tentar superar a administra\u00e7\u00e3o anterior em descaso? \u00c9 baixar a cabe\u00e7a e j\u00e1 largar de m\u00e3o o munic\u00edpio que &#8211; n\u00e3o \u00e9 de hoje &#8211; est\u00e1 depredado e falido? (ou n\u00e3o se sabia nem se imaginava isso antes?).<br \/>\nPor que sucessivos gestores de Ilh\u00e9us n\u00e3o conseguem fazer a contento a limpeza urbana e a manuten\u00e7\u00e3o das vias p\u00fablicas? \u00c9 o m\u00ednimo, o b\u00e1sico, o corriqueiro e o trivial em qualquer munic\u00edpio que se preze. Incapazes at\u00e9 de coletar o lixo dom\u00e9stico diariamente. Afinal, at\u00e9 quando a sina do povo dessa cidade vai ser respirar lixo acumulado e transitar por ruas esburacadas?<br \/>\nS\u00e3o muitas perguntas \u00e0 procura de respostas.<br \/>\n<center><a href=\"http:\/\/www.r2cpress.com.br\/v1\/wp-content\/uploads\/ZAMBIA-CADA-VEZ-MAIS-LIXO.jpg\"><img loading=\"lazy\" src=\"http:\/\/www.r2cpress.com.br\/v1\/wp-content\/uploads\/ZAMBIA-CADA-VEZ-MAIS-LIXO.jpg\" alt=\"ZAMBIA CADA VEZ MAIS LIXO\" width=\"500\" height=\"375\" class=\"aligncenter size-full wp-image-65921\" srcset=\"https:\/\/www.r2cpress.com.br\/v1\/wp-content\/uploads\/ZAMBIA-CADA-VEZ-MAIS-LIXO.jpg 500w, https:\/\/www.r2cpress.com.br\/v1\/wp-content\/uploads\/ZAMBIA-CADA-VEZ-MAIS-LIXO-300x225.jpg 300w\" sizes=\"(max-width: 500px) 100vw, 500px\" \/><\/a><a href=\"http:\/\/www.r2cpress.com.br\/v1\/wp-content\/uploads\/ZAM-BIACADA-VEZ-MAIS-URUBUS.jpg\"><img loading=\"lazy\" src=\"http:\/\/www.r2cpress.com.br\/v1\/wp-content\/uploads\/ZAM-BIACADA-VEZ-MAIS-URUBUS.jpg\" alt=\"ZAM BIACADA VEZ MAIS URUBUS\" width=\"550\" height=\"413\" class=\"aligncenter size-full wp-image-65922\" srcset=\"https:\/\/www.r2cpress.com.br\/v1\/wp-content\/uploads\/ZAM-BIACADA-VEZ-MAIS-URUBUS.jpg 550w, https:\/\/www.r2cpress.com.br\/v1\/wp-content\/uploads\/ZAM-BIACADA-VEZ-MAIS-URUBUS-300x225.jpg 300w\" sizes=\"(max-width: 550px) 100vw, 550px\" \/><\/a><\/center><br \/>\nFotos  da &#8220;Z\u00e2mbia&#8221; em 24\/05\/13, 07:15 h.<\/p>\n<p><em><strong>Nilson Pessoa<\/strong><\/em><\/p>\n","protected":false},"excerpt":{"rendered":"<p>No dia 8 de maio \u00faltimo surgiu um trator para juntar o lixo da &#8220;Z\u00e2mbia&#8221;, formando uma montanha. Est\u00e1 l\u00e1 at\u00e9 hoje (n\u00e3o o trator, a montanha), adentrando \u00e0 terceira semana sem recolher. Honestamente, n\u00e3o d\u00e1 pra entender qual a inten\u00e7\u00e3o da Prefeitura para com a &#8220;Z\u00e2mbia&#8221;. \u00c9 piorar de vez a situa\u00e7\u00e3o? \u00c9 ir [&hellip;]<\/p>\n","protected":false},"author":2,"featured_media":0,"comment_status":"open","ping_status":"open","sticky":false,"template":"","format":"standard","meta":{"_links_to":"","_links_to_target":""},"categories":[10],"tags":[],"_links":{"self":[{"href":"https:\/\/www.r2cpress.com.br\/v1\/wp-json\/wp\/v2\/posts\/65920"}],"collection":[{"href":"https:\/\/www.r2cpress.com.br\/v1\/wp-json\/wp\/v2\/posts"}],"about":[{"href":"https:\/\/www.r2cpress.com.br\/v1\/wp-json\/wp\/v2\/types\/post"}],"author":[{"embeddable":true,"href":"https:\/\/www.r2cpress.com.br\/v1\/wp-json\/wp\/v2\/users\/2"}],"replies":[{"embeddable":true,"href":"https:\/\/www.r2cpress.com.br\/v1\/wp-json\/wp\/v2\/comments?post=65920"}],"version-history":[{"count":4,"href":"https:\/\/www.r2cpress.com.br\/v1\/wp-json\/wp\/v2\/posts\/65920\/revisions"}],"predecessor-version":[{"id":65950,"href":"https:\/\/www.r2cpress.com.br\/v1\/wp-json\/wp\/v2\/posts\/65920\/revisions\/65950"}],"wp:attachment":[{"href":"https:\/\/www.r2cpress.com.br\/v1\/wp-json\/wp\/v2\/media?parent=65920"}],"wp:term":[{"taxonomy":"category","embeddable":true,"href":"https:\/\/www.r2cpress.com.br\/v1\/wp-json\/wp\/v2\/categories?post=65920"},{"taxonomy":"post_tag","embeddable":true,"href":"https:\/\/www.r2cpress.com.br\/v1\/wp-json\/wp\/v2\/tags?post=65920"}],"curies":[{"name":"wp","href":"https:\/\/api.w.org\/{rel}","templated":true}]}}