{"id":66001,"date":"2013-05-24T20:07:06","date_gmt":"2013-05-24T23:07:06","guid":{"rendered":"http:\/\/www.r2cpress.com.br\/v1\/?p=66001"},"modified":"2013-05-24T20:07:06","modified_gmt":"2013-05-24T23:07:06","slug":"marcos-garcia-os-nossos-ex-alunos","status":"publish","type":"post","link":"https:\/\/www.r2cpress.com.br\/v1\/2013\/05\/24\/marcos-garcia-os-nossos-ex-alunos\/","title":{"rendered":"Marcos Garcia \/ OS NOSSOS EX &#8211; ALUNOS"},"content":{"rendered":"<p>BOA NOITE, MEU AMIGO, ESPERO EM DEUS QUE ESTEJA BEM DE SA\u00daDE E QUE DEUS ABEN\u00c7OE A VOC\u00ca E SUA FAM\u00cdLIA.<\/p>\n<div>ESSES S\u00c3O \u00a0ALGUNS DOS NOSSOS EX ALUNOS QUE TREINARAM EM NOSSA ESCOLINHA DE FUTEBOL. HOJE GRA\u00c7AS A DEUS S\u00c3O JOGADORES PROFISSIONAIS. ALGUNS INICIARAM SUAS CARREIRAS A ALGUNS ANOS ATRAS E OUTROS COME\u00c7ARAM O ANO PASSADO E ESSE ANO MAIS 4 SE PROFISSIONALIZARAM. \u00a0OBS. ALGUNS DESSES ATLETAS TAMB\u00c9M PASSAM POR OUTRAS ESCOLINHAS DE FUTEBOL DE &#8221; CAMPO &#8221; DA NOSSA CIDADE, ABRA\u00c7O E FICA COM DEUS.<\/div>\n<div><\/div>\n<div>\u00a0<center><a href=\"http:\/\/www.r2cpress.com.br\/v1\/wp-content\/uploads\/ALEX-NA-CATUENSE-EM-2013.jpg\"><img loading=\"lazy\" class=\"aligncenter size-medium wp-image-66002\" alt=\"ALEX NA CATUENSE EM 2013\" src=\"http:\/\/www.r2cpress.com.br\/v1\/wp-content\/uploads\/ALEX-NA-CATUENSE-EM-2013-225x300.jpg\" width=\"225\" height=\"300\" srcset=\"https:\/\/www.r2cpress.com.br\/v1\/wp-content\/uploads\/ALEX-NA-CATUENSE-EM-2013-225x300.jpg 225w, https:\/\/www.r2cpress.com.br\/v1\/wp-content\/uploads\/ALEX-NA-CATUENSE-EM-2013.jpg 720w\" sizes=\"(max-width: 225px) 100vw, 225px\" \/><\/a><\/center><\/div>\n<div><\/div>\n<div>1\u00ba \u00a0ALEX DEMETRIO \u00a0DE 19 ANOS,JOGOU EM \u00a02011, PELO JUNIOR DO VALERIO DE MINAS GERAIS EM 2012 JOGOU PELO JUNIOR DA CATUENSE PELO CAMPEONATO BAIANO SUB &#8211; 18 E SE PROFISSIONALIZOU EM 2013 PELA CATUENSE S\/A.<\/div>\n<div><\/div>\n<div><center>\u00a0<a href=\"http:\/\/www.r2cpress.com.br\/v1\/wp-content\/uploads\/CAIQUE-94-NO-CAP.png\"><img loading=\"lazy\" class=\"aligncenter size-full wp-image-66003\" alt=\"CAIQUE 94 NO CAP\" src=\"http:\/\/www.r2cpress.com.br\/v1\/wp-content\/uploads\/CAIQUE-94-NO-CAP.png\" width=\"280\" height=\"257\" \/><\/a><\/center><\/div>\n<div>2\u00ba \u00a0CAIQUE PAULO DE 19 ANOS, JOGOU EM 2011 NO JUNIOR DO AMERICA DE MINAS, SE PROFISSIONALIZOU EM 2012 \u00a0NO CLUBE ATL\u00c9TICO PARANA E HOJE JOGA NO JOINVILE DE SANTA CATARINA.<\/div>\n<div><\/div>\n<div style=\"text-align: center;\">\n<center><a href=\"http:\/\/www.r2cpress.com.br\/v1\/wp-content\/uploads\/foto-de-uesley-na-catuense.jpg\"><img loading=\"lazy\" class=\"aligncenter size-medium wp-image-66005\" alt=\"foto de uesley na catuense\" src=\"http:\/\/www.r2cpress.com.br\/v1\/wp-content\/uploads\/foto-de-uesley-na-catuense-225x300.jpg\" width=\"225\" height=\"300\" srcset=\"https:\/\/www.r2cpress.com.br\/v1\/wp-content\/uploads\/foto-de-uesley-na-catuense-225x300.jpg 225w, https:\/\/www.r2cpress.com.br\/v1\/wp-content\/uploads\/foto-de-uesley-na-catuense.jpg 240w\" sizes=\"(max-width: 225px) 100vw, 225px\" \/><\/a><\/center><\/div>\n<div>3\u00ba UESLEI LECO DE 18 ANOS, JOGOU NO JUVENIL DO BOTAFOGO DA PARAIBA EM 2011 ( SENDO CAMPE\u00c3O ), EM 2012 JOGOU PELO JUNIOR DA CATUENSE, PELO CAMPEONATO BAIANO SUB &#8211; 18 E SE PROFISSIONALIZOU ESSE ANO PELA CATUENSE S\/A.<\/div>\n<div><\/div>\n<div><center><a href=\"http:\/\/www.r2cpress.com.br\/v1\/wp-content\/uploads\/foto-rodrigo-no-Trindade-Atletico-Clube-de-goias.jpg\"><img loading=\"lazy\" class=\"aligncenter size-medium wp-image-66006\" alt=\"foto rodrigo no Trindade  Atletico Clube de goias\" src=\"http:\/\/www.r2cpress.com.br\/v1\/wp-content\/uploads\/foto-rodrigo-no-Trindade-Atletico-Clube-de-goias-225x300.jpg\" width=\"225\" height=\"300\" srcset=\"https:\/\/www.r2cpress.com.br\/v1\/wp-content\/uploads\/foto-rodrigo-no-Trindade-Atletico-Clube-de-goias-225x300.jpg 225w, https:\/\/www.r2cpress.com.br\/v1\/wp-content\/uploads\/foto-rodrigo-no-Trindade-Atletico-Clube-de-goias.jpg 240w\" sizes=\"(max-width: 225px) 100vw, 225px\" \/><\/a><\/center><\/div>\n<div>4\u00ba RODRIGO GOES , 29 ANOS, JOGOU POR V\u00c1RIOS CLUBES DO BRASIL E SENDO CAMPE\u00c3O BAIANO EM 2006, PELO COLO COLO DE FUTEBOL E REGATAS. HOJE JOGA NO JUAZEIRENSE DA BAHIA, SENDO UM DOS GRANDES DESTAQUE DO CAMPEONATO BAIANO 2013.<\/div>\n<div><\/div>\n<div><center><a href=\"http:\/\/www.r2cpress.com.br\/v1\/wp-content\/uploads\/FRANKLIN-BAIANO.jpg\"><img loading=\"lazy\" class=\"aligncenter size-full wp-image-66007\" alt=\"FRANKLIN BAIANO\" src=\"http:\/\/www.r2cpress.com.br\/v1\/wp-content\/uploads\/FRANKLIN-BAIANO.jpg\" width=\"160\" height=\"160\" srcset=\"https:\/\/www.r2cpress.com.br\/v1\/wp-content\/uploads\/FRANKLIN-BAIANO.jpg 160w, https:\/\/www.r2cpress.com.br\/v1\/wp-content\/uploads\/FRANKLIN-BAIANO-150x150.jpg 150w\" sizes=\"(max-width: 160px) 100vw, 160px\" \/><\/a><\/center><\/div>\n<div>5\u00ba FRANKLIN BAIANO, 29 ANOS, JOGADOR PROFISSIONAL, JOGOU EM ALGUNS CLUBES AQUI NO BRASIL. PASSOU POR CLUBES NO M\u00c9XICO, GUATEMALA,MARROCOS, PORTUGAL E HOJE JOGA EM SAM MARINO, NA ITALIA.<\/div>\n<div><\/div>\n<div><center><a href=\"http:\/\/www.r2cpress.com.br\/v1\/wp-content\/uploads\/futeboltharciobaiano_2.jpg\"><img loading=\"lazy\" class=\"aligncenter size-full wp-image-66008\" alt=\"futebol,tharcio,baiano_2\" src=\"http:\/\/www.r2cpress.com.br\/v1\/wp-content\/uploads\/futeboltharciobaiano_2.jpg\" width=\"130\" height=\"101\" \/><\/a><\/center><\/div>\n<div>6\u00ba THARCIO BAIANO, 27 ANOS, JOGOU , NO JUNIOR DO COLO COLO EM 2006, PELO CAMPEONATO BAIANO DE FUTEBOL. FOI JOGAR EM 2006 FORA DO BRASIL E SE PROFISSIONALIZOU E JOGOU EM CLUBES DA GUATEMALA, M\u00c9XICO, MARROCOS E PORTUGAL.<\/div>\n<div><\/div>\n<div><center><a href=\"http:\/\/www.r2cpress.com.br\/v1\/wp-content\/uploads\/Diego-Alexandre-\u00b4Xande1.jpg\"><img loading=\"lazy\" class=\"aligncenter size-full wp-image-66009\" alt=\"Diego Alexandre \u00b4Xande\" src=\"http:\/\/www.r2cpress.com.br\/v1\/wp-content\/uploads\/Diego-Alexandre-\u00b4Xande1.jpg\" width=\"150\" height=\"112\" \/><\/a><\/center><\/div>\n<div>7\u00ba DIEGO ALEXANDRE ( XANDE ) 23 ANOS, JOGOU EM ALGUMAS DIVIS\u00d5ES DE BASE DO BRASIL, COMO BAHIA, SANTOS, CORINTHIANS,\u00a0GR\u00caMIO\u00a0 CLUBES DA EUROPA\u00a0,\u00a0N\u00c1UTICO DE RECIFE E HOJE JOGA NO COLO COLO DE FUTEBOL E REGATAS.<\/div>\n<div><\/div>\n<div><center><a href=\"http:\/\/www.r2cpress.com.br\/v1\/wp-content\/uploads\/L\u00c9O-SOARES.jpg\"><img loading=\"lazy\" class=\"aligncenter size-medium wp-image-66010\" alt=\"L\u00c9O SOARES\" src=\"http:\/\/www.r2cpress.com.br\/v1\/wp-content\/uploads\/L\u00c9O-SOARES-300x225.jpg\" width=\"300\" height=\"225\" srcset=\"https:\/\/www.r2cpress.com.br\/v1\/wp-content\/uploads\/L\u00c9O-SOARES-300x225.jpg 300w, https:\/\/www.r2cpress.com.br\/v1\/wp-content\/uploads\/L\u00c9O-SOARES.jpg 960w\" sizes=\"(max-width: 300px) 100vw, 300px\" \/><\/a><\/center><\/div>\n<div>8\u00ba ALEX SOARES ( L\u00c9O ) 24 ANOS, JOGOU, NO JUNIOR DO COLO COLO EM 2009, PELO CAMPEONATO BAIANO DE FUTEBOL. JOGOU EM ALGUMAS SELE\u00c7\u00d5ES PELO CAMPEONATO INTERMUNICIPAL E HOJE \u00c9 JOGADOR DO COLO COLO DE FUTEBOL E REGATAS.<\/div>\n<div><\/div>\n<div><center><a href=\"http:\/\/www.r2cpress.com.br\/v1\/wp-content\/uploads\/VALMOR-NETO.jpg\"><img loading=\"lazy\" class=\"aligncenter size-medium wp-image-66011\" alt=\"VALMOR NETO\" src=\"http:\/\/www.r2cpress.com.br\/v1\/wp-content\/uploads\/VALMOR-NETO-172x300.jpg\" width=\"172\" height=\"300\" srcset=\"https:\/\/www.r2cpress.com.br\/v1\/wp-content\/uploads\/VALMOR-NETO-172x300.jpg 172w, https:\/\/www.r2cpress.com.br\/v1\/wp-content\/uploads\/VALMOR-NETO.jpg 551w\" sizes=\"(max-width: 172px) 100vw, 172px\" \/><\/a><\/center><\/div>\n<div>9\u00ba VALMOR NETO, 21 ANOS, JOGOU NO JUNIOR DO COLO COLO EM 2010\/2011, PELO CAMPEONATO BAIANO E NA SELE\u00c7\u00c3O DE ILH\u00c9US DE FUTEBOL. HOJE \u00c9 JOGADOR PROFISSIONAL DO COLO COLO DE FUTEBOL E REGATAS.<\/div>\n<div><\/div>\n<div>\u00a0<center><a href=\"http:\/\/www.r2cpress.com.br\/v1\/wp-content\/uploads\/talentosfutebol08.jpg\"><img loading=\"lazy\" class=\"aligncenter size-full wp-image-66012\" alt=\"talentos,futebol,08\" src=\"http:\/\/www.r2cpress.com.br\/v1\/wp-content\/uploads\/talentosfutebol08.jpg\" width=\"150\" height=\"113\" \/><\/a><\/center><\/div>\n<div>10\u00ba NILDO SOUZA, 22 ANOS, JOGOU EM 2009 , NO JUNIOR DO VITORIA DA CONQUISTA E EM 2010 SE PROFISSIONALIZOU PELO ITABUNA ESPORTE CLUBE. DE 2011\/2012 JOGOU PELO COLO COLO E AGORA EM 2013 EST\u00c1 EMPRESTADO AO COLO COLO NA DISPUTA DO CAMPEONATO BAIANO DA 2\u00aa DIVIS\u00c3O.<\/div>\n","protected":false},"excerpt":{"rendered":"<p>BOA NOITE, MEU AMIGO, ESPERO EM DEUS QUE ESTEJA BEM DE SA\u00daDE E QUE DEUS ABEN\u00c7OE A VOC\u00ca E SUA FAM\u00cdLIA. ESSES S\u00c3O \u00a0ALGUNS DOS NOSSOS EX ALUNOS QUE TREINARAM EM NOSSA ESCOLINHA DE FUTEBOL. HOJE GRA\u00c7AS A DEUS S\u00c3O JOGADORES PROFISSIONAIS. ALGUNS INICIARAM SUAS CARREIRAS A ALGUNS ANOS ATRAS E OUTROS COME\u00c7ARAM O ANO [&hellip;]<\/p>\n","protected":false},"author":2,"featured_media":0,"comment_status":"open","ping_status":"open","sticky":false,"template":"","format":"standard","meta":{"_links_to":"","_links_to_target":""},"categories":[11],"tags":[],"_links":{"self":[{"href":"https:\/\/www.r2cpress.com.br\/v1\/wp-json\/wp\/v2\/posts\/66001"}],"collection":[{"href":"https:\/\/www.r2cpress.com.br\/v1\/wp-json\/wp\/v2\/posts"}],"about":[{"href":"https:\/\/www.r2cpress.com.br\/v1\/wp-json\/wp\/v2\/types\/post"}],"author":[{"embeddable":true,"href":"https:\/\/www.r2cpress.com.br\/v1\/wp-json\/wp\/v2\/users\/2"}],"replies":[{"embeddable":true,"href":"https:\/\/www.r2cpress.com.br\/v1\/wp-json\/wp\/v2\/comments?post=66001"}],"version-history":[{"count":4,"href":"https:\/\/www.r2cpress.com.br\/v1\/wp-json\/wp\/v2\/posts\/66001\/revisions"}],"predecessor-version":[{"id":66017,"href":"https:\/\/www.r2cpress.com.br\/v1\/wp-json\/wp\/v2\/posts\/66001\/revisions\/66017"}],"wp:attachment":[{"href":"https:\/\/www.r2cpress.com.br\/v1\/wp-json\/wp\/v2\/media?parent=66001"}],"wp:term":[{"taxonomy":"category","embeddable":true,"href":"https:\/\/www.r2cpress.com.br\/v1\/wp-json\/wp\/v2\/categories?post=66001"},{"taxonomy":"post_tag","embeddable":true,"href":"https:\/\/www.r2cpress.com.br\/v1\/wp-json\/wp\/v2\/tags?post=66001"}],"curies":[{"name":"wp","href":"https:\/\/api.w.org\/{rel}","templated":true}]}}