{"id":66028,"date":"2013-05-25T07:47:27","date_gmt":"2013-05-25T10:47:27","guid":{"rendered":"http:\/\/www.r2cpress.com.br\/v1\/?p=66028"},"modified":"2013-05-25T07:47:27","modified_gmt":"2013-05-25T10:47:27","slug":"ainda-falta-solucao-mas-nem-tudo-esta-perdido","status":"publish","type":"post","link":"https:\/\/www.r2cpress.com.br\/v1\/2013\/05\/25\/ainda-falta-solucao-mas-nem-tudo-esta-perdido\/","title":{"rendered":"AINDA FALTA SOLU\u00c7\u00c3O, MAS NEM TUDO EST\u00c1 PERDIDO"},"content":{"rendered":"<p><img loading=\"lazy\" src=\"http:\/\/www.r2cpress.com.br\/v1\/wp-content\/uploads\/NILSON-PESSOA_MODIFICADA.jpg\" width=\"300\" height=\"209\" class=\"alignleft\" \/>Enfim, aconteceu. Em 24\/05\/13, por volta das 15:00 h, fui \u00e0 &#8220;Z\u00e2mbia&#8221; fotografar a retirada das toneladas de lixo e entulho feita por uma escavadeira e v\u00e1rias ca\u00e7ambas. Confesso que a inten\u00e7\u00e3o era mostrar &#8211; como venho mostrando &#8211; que o trabalho \u00e9 paliativo e que, dias depois, vai estar tudo como dantes.<br \/>\nO fato das m\u00e1quinas estarem operando no local foi um al\u00edvio, pois j\u00e1 temia que a cidade poderia estar, de novo, jogada \u00e0 pr\u00f3pria sorte, como no \u00faltimo ano da gest\u00e3o anterior e por causa da dificuldade de caixa. Al\u00edvio maior foi constatar a presen\u00e7a do Coordenador da Limpeza Urbana em plena &#8220;Z\u00e2mbia&#8221;, o qual me abordou para um di\u00e1logo, l\u00e1 mesmo, em meio ao recolhimento do lixo e entulho. Sou chegado a uma prosa, principalmente se for honesta, sincera e democr\u00e1tica. E foi.<br \/>\nO Coordenador, Sr. Cesar Benevides, explanou as dificuldades por que passa a Prefeitura e ressaltou que o objetivo maior \u00e9, realmente, extinguir a &#8220;Z\u00e2mbia&#8221;, que est\u00e1 faz mais de 20 anos estabelecida num local h\u00e1 muito inadequado, cercado de resid\u00eancias, um col\u00e9gio e uma futura creche. Falou ainda que, se o local fosse destinado apenas a dejetos de poda de \u00e1rvores e constru\u00e7\u00e3o civil, menos mal, pois n\u00e3o atrairia os urubus. Reconheceu ser a &#8220;Z\u00e2mbia&#8221; uma \u00e1rea de risco \u00e0 avia\u00e7\u00e3o, dada a proximidade do aeroporto, e mencionou a preocupa\u00e7\u00e3o do Secret\u00e1rio do Desenvolvimento Urbano, Sr. Isaac Albagli, em providenciar um outro local, afastado de resid\u00eancias, para servir como ponto de transbordo de entulhos. Sim, entulhos, uma vez que, segundo o Coordenador, o descarte de lixo dom\u00e9stico na &#8220;Z\u00e2mbia&#8221; n\u00e3o deveria existir. De fato, n\u00e3o deveria, mas existe. Bom momento para que a Prefeitura desencadeie uma mega campanha de conscientiza\u00e7\u00e3o para o descarte correto do lixo dom\u00e9stico. Essa campanha, sugiro, envolveria algumas secretarias municipais, sobremaneira a do Meio Ambiente e a da desenvolvimento Social, mas a Prefeitura teria que fazer a sua parte bem feita, garantindo a coleta todo dia ou, na pior das hip\u00f3teses, nos dias especificados, coisa que n\u00e3o vem ocorrendo.<br \/>\nPor fim, o Coordenador assumiu o compromisso de realizar a coleta de lixo e entulho a cada dois dias e, ainda, de manter um preposto da Prefeitura em territ\u00f3rio &#8220;zambiano&#8221;,  para orientar a popula\u00e7\u00e3o sobre o descarte setorizado de material de poda separadamente do entulho de constru\u00e7\u00e3o civil, com vistas a facilitar e agilizar a retirada, al\u00e9m de impedir e orientar a popula\u00e7\u00e3o sobre o descarte correto do lixo dom\u00e9stico. Fato lament\u00e1vel, constatado pelo pr\u00f3prio Coordenador e membros de sua equipe, foi a localiza\u00e7\u00e3o, entre o entulho da &#8220;Z\u00e2mbia&#8221;, de um saco pl\u00e1stico contendo a carca\u00e7a de um c\u00e3o de grande porte, da ra\u00e7a rottweiler, atraindo dezenas de urubus. Convenhamos, a popula\u00e7\u00e3o continua ignorante e anti-cidad\u00e3, volunt\u00e1ria ou involuntariamente, da\u00ed a necessidade imediata de campanhas educativas.<br \/>\nEncerrando, por ora, n\u00e3o nego ao Coordenador da Limpeza Urbana, Sr. Cesar Benevides, n\u00e3o nego ao Secret\u00e1rio do Desenvolvimento Urbano, Sr. Isaac Albagli, e n\u00e3o nego ao Prefeito de Ilh\u00e9us, Sr. Jabes Ribeiro, a minha insist\u00eancia em retirar definitivamente, e o mais breve poss\u00edvel, aquele vergonhoso dep\u00f3sito de lixo a c\u00e9u aberto duma \u00e1rea completamente inapropriada, em que a sa\u00fade dos habitantes da Faelba, Santo Ant\u00f4nio de P\u00e1dua e Urbis se mant\u00e9m seriamente comprometida. Meus esfor\u00e7os e minha consci\u00eancia de cidad\u00e3o continuar\u00e3o voltados para esse fim.<\/p>\n<p><div id=\"attachment_66029\" style=\"width: 560px\" class=\"wp-caption aligncenter\"><a href=\"http:\/\/www.r2cpress.com.br\/v1\/wp-content\/uploads\/10-CA\u00c7AMBAS-DE-LIXO-E-ENTULHO-RECOLHIDOS..jpg\"><img aria-describedby=\"caption-attachment-66029\" loading=\"lazy\" src=\"http:\/\/www.r2cpress.com.br\/v1\/wp-content\/uploads\/10-CA\u00c7AMBAS-DE-LIXO-E-ENTULHO-RECOLHIDOS..jpg\" alt=\"10 CA\u00c7AMBAS DE LIXO E ENTULHO RECOLHIDOS.\" width=\"550\" height=\"413\" class=\"size-full wp-image-66029\" srcset=\"https:\/\/www.r2cpress.com.br\/v1\/wp-content\/uploads\/10-CA\u00c7AMBAS-DE-LIXO-E-ENTULHO-RECOLHIDOS..jpg 550w, https:\/\/www.r2cpress.com.br\/v1\/wp-content\/uploads\/10-CA\u00c7AMBAS-DE-LIXO-E-ENTULHO-RECOLHIDOS.-300x225.jpg 300w\" sizes=\"(max-width: 550px) 100vw, 550px\" \/><\/a><p id=\"caption-attachment-66029\" class=\"wp-caption-text\">10 CA\u00c7AMBAS DE LIXO E ENTULHO RECOLHIDOS.<\/p><\/div><div id=\"attachment_66030\" style=\"width: 560px\" class=\"wp-caption aligncenter\"><a href=\"http:\/\/www.r2cpress.com.br\/v1\/wp-content\/uploads\/COORD.-DA-LIMPEZA-DIR-FOI-\u00c0-Z\u00c2MBIA.-BOM-SINAL..jpg\"><img aria-describedby=\"caption-attachment-66030\" loading=\"lazy\" src=\"http:\/\/www.r2cpress.com.br\/v1\/wp-content\/uploads\/COORD.-DA-LIMPEZA-DIR-FOI-\u00c0-Z\u00c2MBIA.-BOM-SINAL..jpg\" alt=\"COORD. DA LIMPEZA (DIR) FOI \u00c0 Z\u00c2MBIA. BOM SINAL.\" width=\"550\" height=\"413\" class=\"size-full wp-image-66030\" srcset=\"https:\/\/www.r2cpress.com.br\/v1\/wp-content\/uploads\/COORD.-DA-LIMPEZA-DIR-FOI-\u00c0-Z\u00c2MBIA.-BOM-SINAL..jpg 550w, https:\/\/www.r2cpress.com.br\/v1\/wp-content\/uploads\/COORD.-DA-LIMPEZA-DIR-FOI-\u00c0-Z\u00c2MBIA.-BOM-SINAL.-300x225.jpg 300w\" sizes=\"(max-width: 550px) 100vw, 550px\" \/><\/a><p id=\"caption-attachment-66030\" class=\"wp-caption-text\">COORD. DA LIMPEZA (DIR) FOI \u00c0 Z\u00c2MBIA. BOM SINAL.<\/p><\/div><\/p>\n<p><em><strong>Nilson Pessoa<\/strong><\/em><\/p>\n","protected":false},"excerpt":{"rendered":"<p>Enfim, aconteceu. Em 24\/05\/13, por volta das 15:00 h, fui \u00e0 &#8220;Z\u00e2mbia&#8221; fotografar a retirada das toneladas de lixo e entulho feita por uma escavadeira e v\u00e1rias ca\u00e7ambas. Confesso que a inten\u00e7\u00e3o era mostrar &#8211; como venho mostrando &#8211; que o trabalho \u00e9 paliativo e que, dias depois, vai estar tudo como dantes. O fato [&hellip;]<\/p>\n","protected":false},"author":2,"featured_media":0,"comment_status":"open","ping_status":"open","sticky":false,"template":"","format":"standard","meta":{"_links_to":"","_links_to_target":""},"categories":[10],"tags":[],"_links":{"self":[{"href":"https:\/\/www.r2cpress.com.br\/v1\/wp-json\/wp\/v2\/posts\/66028"}],"collection":[{"href":"https:\/\/www.r2cpress.com.br\/v1\/wp-json\/wp\/v2\/posts"}],"about":[{"href":"https:\/\/www.r2cpress.com.br\/v1\/wp-json\/wp\/v2\/types\/post"}],"author":[{"embeddable":true,"href":"https:\/\/www.r2cpress.com.br\/v1\/wp-json\/wp\/v2\/users\/2"}],"replies":[{"embeddable":true,"href":"https:\/\/www.r2cpress.com.br\/v1\/wp-json\/wp\/v2\/comments?post=66028"}],"version-history":[{"count":2,"href":"https:\/\/www.r2cpress.com.br\/v1\/wp-json\/wp\/v2\/posts\/66028\/revisions"}],"predecessor-version":[{"id":66032,"href":"https:\/\/www.r2cpress.com.br\/v1\/wp-json\/wp\/v2\/posts\/66028\/revisions\/66032"}],"wp:attachment":[{"href":"https:\/\/www.r2cpress.com.br\/v1\/wp-json\/wp\/v2\/media?parent=66028"}],"wp:term":[{"taxonomy":"category","embeddable":true,"href":"https:\/\/www.r2cpress.com.br\/v1\/wp-json\/wp\/v2\/categories?post=66028"},{"taxonomy":"post_tag","embeddable":true,"href":"https:\/\/www.r2cpress.com.br\/v1\/wp-json\/wp\/v2\/tags?post=66028"}],"curies":[{"name":"wp","href":"https:\/\/api.w.org\/{rel}","templated":true}]}}