{"id":66040,"date":"2013-05-25T22:19:02","date_gmt":"2013-05-26T01:19:02","guid":{"rendered":"http:\/\/www.r2cpress.com.br\/v1\/?p=66040"},"modified":"2013-05-25T22:19:02","modified_gmt":"2013-05-26T01:19:02","slug":"baia-do-pontal-acoes-educativas","status":"publish","type":"post","link":"https:\/\/www.r2cpress.com.br\/v1\/2013\/05\/25\/baia-do-pontal-acoes-educativas\/","title":{"rendered":"BA\u00cdA DO PONTAL \u2013 A\u00e7\u00f5es Educativas"},"content":{"rendered":"<p><img loading=\"lazy\" src=\"http:\/\/www.r2cpress.com.br\/v1\/wp-content\/uploads\/zecarlos-r2cpress_reduzida.jpg\" width=\"300\" height=\"207\" class=\"alignright\" \/>Parece que nem tudo est\u00e1 perdido.<br \/>\nOntem \u00e0 tarde foi lan\u00e7ado mais uma edi\u00e7\u00e3o do jornal ECO KIDS, na sua 11\u00ba edi\u00e7\u00e3o, elaborado pela dire\u00e7\u00e3o da <b>Escola Municipal Bar\u00e3o de Maca\u00fabas,<\/b> aqui no Pontal, com a colabora\u00e7\u00e3o da Secretaria de Educa\u00e7\u00e3o, Minist\u00e9rio P\u00fablico, Conselho Municipal de Educa\u00e7\u00e3o e Condema.<br \/>\nNesta edi\u00e7\u00e3o foram abordados assuntos de suma import\u00e2ncia para a preserva\u00e7\u00e3o ambiental, a\u00e7\u00f5es educativas e valoriza\u00e7\u00e3o da nossa bel\u00edssima Ba\u00eda do Pontal.<br \/>\nTemos insistentemente denunciado as agress\u00f5es que vem sofrendo a Ba\u00eda do Pontal. Pelo andar da carruagem aquela orla vai virar um novo lix\u00e3o.<br \/>\nEnquanto os empres\u00e1rios investem na mudan\u00e7a do perfil arquitet\u00f4nico da \u00e1rea, alguns perversos moradores e agregados est\u00e3o fazendo de tudo para jogar lixo no ventilador.<br \/>\nA\u00e7\u00f5es criminosas de pessoas com mente doente, que apenas cuidam das suas casas e apartamentos, e acham que as ruas e avenidas est\u00e3o destinadas a serem dep\u00f3sitos de lixo, pois al\u00e9m de jogar o lixo dom\u00e9stico, investem em desovar na orla todo tipo de entulho, aparelhos dom\u00e9sticos, camas, colch\u00f5es, guarda-roupa e todos os bagulhos que n\u00e3o querem mais em suas casas.<\/p>\n<p><!--more--><\/p>\n<p>Tudo come\u00e7a pela educa\u00e7\u00e3o, e este exemplo de cidadania da dire\u00e7\u00e3o da Escola Municipal Bar\u00e3o de Maca\u00fabas, atrav\u00e9s de seus pequenos alunos, demonstra que ainda existem pessoas preocupadas com a vida e com o meio ambiente.<br \/>\n<b>Participaram deste evento pessoas respons\u00e1veis da cidade, o Secret\u00e1rio de Meio Ambiente e Urbanismo Antonio Vieira, a Secret\u00e1ria de Educa\u00e7\u00e3o Marl\u00facia Rocha, o membro do Condema Cid Edson P\u00f3voas, o escritor e historiador Jos\u00e9 Rezende Mendon\u00e7a, o ativista pol\u00edtico Jos\u00e9 Henrique Abobreira e a Promotora P\u00fablica Dra. Karina Cherubini, por quem tenho grande admira\u00e7\u00e3o pelo excelente trabalho que realiza em prol da cidade de Ilh\u00e9us.<\/b><br \/>\nDe minha parte e como morador do Pontal, vou continuar me utilizando dos meios de comunica\u00e7\u00e3o \u2013 R2CPress, internet, facebook, sites, para denunciar os maus tratos com a Ba\u00eda do Pontal.<br \/>\nAcredito que um dia o poder p\u00fablico municipal vai adotar algumas provid\u00eancias visando coibir e punir estes moradores que n\u00e3o gostam do Pontal e nem da sua ba\u00eda.<br \/>\nVamos salvar a Ba\u00eda do Pontal!<\/p>\n<p><b>Z\u00c9CARLOS JUNIOR<\/b><\/p>\n","protected":false},"excerpt":{"rendered":"<p>Parece que nem tudo est\u00e1 perdido. Ontem \u00e0 tarde foi lan\u00e7ado mais uma edi\u00e7\u00e3o do jornal ECO KIDS, na sua 11\u00ba edi\u00e7\u00e3o, elaborado pela dire\u00e7\u00e3o da Escola Municipal Bar\u00e3o de Maca\u00fabas, aqui no Pontal, com a colabora\u00e7\u00e3o da Secretaria de Educa\u00e7\u00e3o, Minist\u00e9rio P\u00fablico, Conselho Municipal de Educa\u00e7\u00e3o e Condema. Nesta edi\u00e7\u00e3o foram abordados assuntos de [&hellip;]<\/p>\n","protected":false},"author":2,"featured_media":0,"comment_status":"open","ping_status":"open","sticky":false,"template":"","format":"standard","meta":{"_links_to":"","_links_to_target":""},"categories":[10],"tags":[],"_links":{"self":[{"href":"https:\/\/www.r2cpress.com.br\/v1\/wp-json\/wp\/v2\/posts\/66040"}],"collection":[{"href":"https:\/\/www.r2cpress.com.br\/v1\/wp-json\/wp\/v2\/posts"}],"about":[{"href":"https:\/\/www.r2cpress.com.br\/v1\/wp-json\/wp\/v2\/types\/post"}],"author":[{"embeddable":true,"href":"https:\/\/www.r2cpress.com.br\/v1\/wp-json\/wp\/v2\/users\/2"}],"replies":[{"embeddable":true,"href":"https:\/\/www.r2cpress.com.br\/v1\/wp-json\/wp\/v2\/comments?post=66040"}],"version-history":[{"count":3,"href":"https:\/\/www.r2cpress.com.br\/v1\/wp-json\/wp\/v2\/posts\/66040\/revisions"}],"predecessor-version":[{"id":66043,"href":"https:\/\/www.r2cpress.com.br\/v1\/wp-json\/wp\/v2\/posts\/66040\/revisions\/66043"}],"wp:attachment":[{"href":"https:\/\/www.r2cpress.com.br\/v1\/wp-json\/wp\/v2\/media?parent=66040"}],"wp:term":[{"taxonomy":"category","embeddable":true,"href":"https:\/\/www.r2cpress.com.br\/v1\/wp-json\/wp\/v2\/categories?post=66040"},{"taxonomy":"post_tag","embeddable":true,"href":"https:\/\/www.r2cpress.com.br\/v1\/wp-json\/wp\/v2\/tags?post=66040"}],"curies":[{"name":"wp","href":"https:\/\/api.w.org\/{rel}","templated":true}]}}