{"id":66103,"date":"2013-05-26T19:40:57","date_gmt":"2013-05-26T22:40:57","guid":{"rendered":"http:\/\/www.r2cpress.com.br\/v1\/?p=66103"},"modified":"2013-05-26T19:40:57","modified_gmt":"2013-05-26T22:40:57","slug":"sao-joao-fest-no-abrigo","status":"publish","type":"post","link":"https:\/\/www.r2cpress.com.br\/v1\/2013\/05\/26\/sao-joao-fest-no-abrigo\/","title":{"rendered":"S\u00c3O  JO\u00c3O-FEST NO ABRIGO"},"content":{"rendered":"\n<p>O  Abrigo S\u00e3o Vicente de Paulo de Ilh\u00e9us  promove o S\u00e3o Jo\u00e3o 2013,   que acontecer\u00e1 na sede da pr\u00f3pria institui\u00e7\u00e3o, no dia 07 de  junho, das 17:30 at\u00e9 \u00e0s 00:00 horas . Os ingressos est\u00e3o \u00e0 venda na pr\u00f3pria sede e na Casa Brasil por apenas R$ 5,00.<\/p>\n<p>Est\u00e3o previstas  v\u00e1rias atra\u00e7\u00f5es  como apresenta\u00e7\u00f5es de quadrilhas, Grupo da Melhor Idade, sorteio de balaio \u2013 cada bilhete no valor de R$ 2,50; barracas com comidas t\u00edpicas entre outros.  Apoio de v\u00e1rios vereadores,  participa\u00e7\u00e3o do Lions Norte, Centro, Pontal,  do Aprisul,  Solar Toldos, Prefeitura Municipal de Ilh\u00e9us, dos m\u00fasicos Bebeto, Keketa, Ane de Cidra,  Bulh\u00f5es,  Amanda, M\u00e3o Branca, Lozedes,  Itassuci, Firim-Firim e outros.<\/p>\n<p>Esperamos a colabora\u00e7\u00e3o de todos da sociedade ilheense no sentido de colaborar com mais um ato de solidariedade.<\/p>\n<p>A Diretoria. <\/p>\n","protected":false},"excerpt":{"rendered":"<p>O Abrigo S\u00e3o Vicente de Paulo de Ilh\u00e9us promove o S\u00e3o Jo\u00e3o 2013, que acontecer\u00e1 na sede da pr\u00f3pria institui\u00e7\u00e3o, no dia 07 de junho, das 17:30 at\u00e9 \u00e0s 00:00 horas . Os ingressos est\u00e3o \u00e0 venda na pr\u00f3pria sede e na Casa Brasil por apenas R$ 5,00. Est\u00e3o previstas v\u00e1rias atra\u00e7\u00f5es como apresenta\u00e7\u00f5es de [&hellip;]<\/p>\n","protected":false},"author":2,"featured_media":0,"comment_status":"open","ping_status":"open","sticky":false,"template":"","format":"standard","meta":{"_links_to":"","_links_to_target":""},"categories":[28],"tags":[],"_links":{"self":[{"href":"https:\/\/www.r2cpress.com.br\/v1\/wp-json\/wp\/v2\/posts\/66103"}],"collection":[{"href":"https:\/\/www.r2cpress.com.br\/v1\/wp-json\/wp\/v2\/posts"}],"about":[{"href":"https:\/\/www.r2cpress.com.br\/v1\/wp-json\/wp\/v2\/types\/post"}],"author":[{"embeddable":true,"href":"https:\/\/www.r2cpress.com.br\/v1\/wp-json\/wp\/v2\/users\/2"}],"replies":[{"embeddable":true,"href":"https:\/\/www.r2cpress.com.br\/v1\/wp-json\/wp\/v2\/comments?post=66103"}],"version-history":[{"count":2,"href":"https:\/\/www.r2cpress.com.br\/v1\/wp-json\/wp\/v2\/posts\/66103\/revisions"}],"predecessor-version":[{"id":66105,"href":"https:\/\/www.r2cpress.com.br\/v1\/wp-json\/wp\/v2\/posts\/66103\/revisions\/66105"}],"wp:attachment":[{"href":"https:\/\/www.r2cpress.com.br\/v1\/wp-json\/wp\/v2\/media?parent=66103"}],"wp:term":[{"taxonomy":"category","embeddable":true,"href":"https:\/\/www.r2cpress.com.br\/v1\/wp-json\/wp\/v2\/categories?post=66103"},{"taxonomy":"post_tag","embeddable":true,"href":"https:\/\/www.r2cpress.com.br\/v1\/wp-json\/wp\/v2\/tags?post=66103"}],"curies":[{"name":"wp","href":"https:\/\/api.w.org\/{rel}","templated":true}]}}