{"id":66106,"date":"2013-05-26T20:13:13","date_gmt":"2013-05-26T23:13:13","guid":{"rendered":"http:\/\/www.r2cpress.com.br\/v1\/?p=66106"},"modified":"2013-05-26T20:13:13","modified_gmt":"2013-05-26T23:13:13","slug":"tempos-que-nao-voltam-mais","status":"publish","type":"post","link":"https:\/\/www.r2cpress.com.br\/v1\/2013\/05\/26\/tempos-que-nao-voltam-mais\/","title":{"rendered":"TEMPOS QUE N\u00c3O VOLTAM MAIS"},"content":{"rendered":"<p><img loading=\"lazy\" class=\"alignright\" alt=\"\" src=\"http:\/\/www.r2cpress.com.br\/v1\/wp-content\/uploads\/zecarlos-r2cpress_reduzida.jpg\" width=\"300\" height=\"207\" \/>Quantas coisas acontecem na nossa vida e que o tempo se encarrega de apagar da mem\u00f3ria, como as ondas do mar que se jogam na praia e ao voltar levam o que estiver pela frente.<\/p>\n<p>Na fam\u00edlia, na vida profissional, na cidade, na pol\u00edtica, enfim, tudo \u00e9 tragado pelo tempo.<\/p>\n<p>Claro que ningu\u00e9m espera que uma cidade do porte de Ilh\u00e9us permane\u00e7a como era h\u00e1 50, 60 anos atr\u00e1s e tamb\u00e9m tivesse os mesmos homens p\u00fablicos, com o mesmo jeito de governar, alguns sem mal\u00edcia, outros fazendo a pol\u00edtica t\u00edpica dos coron\u00e9is, mas eram aqueles tempos que n\u00e3o voltam mais.<\/p>\n<p>A gente neste novo tempo, agora em 2013, sempre que passa por um local da cidade e n\u00e3o sei por que, se lembra de algum pol\u00edtico, algum alcaide daquela \u00e9poca.<\/p>\n<p>Nesta semana lembrei-me dos nossos prefeitos de outrora: M\u00e1rio Pessoa (1938-1942); \u00c1lvaro Melo Vieira (1946-1947); Pedro Catal\u00e3o (1952-1955); Herval Soledade (1956-1959); Henrique Cardoso (1960-1963); Jo\u00e3o Alfredo (1969-1970); Edmon Darwich (1971-1972); Ariston Cardoso (1973-1976). Fonte site ilheense.com.br.<\/p>\n<p><!--more--><\/p>\n<p>Vivia-se uma pol\u00edtica mais educada, sem fofocas, sem processos, vereador n\u00e3o era remunerado, com amor pela cidade, com obras que ainda est\u00e3o a\u00ed, uma situa\u00e7\u00e3o bem diferente dos nossos pol\u00edticos que nos \u00faltimos anos tiveram a oportunidade de governar Ilh\u00e9us e fizeram de um tudo para lev\u00e1-la ao caos.<\/p>\n<p>Que diferen\u00e7a de comportamento, que diferen\u00e7a de gest\u00e3o p\u00fablica.<\/p>\n<p>As tais frases de efeito pipocam por todos os lados e s\u00e3o verdadeiras propagandas enganosas.<\/p>\n<p><b>\u00a0\u201cEm hip\u00f3tese alguma mudarei meu car\u00e1ter, e jamais mancharei o nome da minha fam\u00edlia e a minha hist\u00f3ria\u201d. Deu no que deu.<\/b><\/p>\n<p><b>\u201cFoi um compromisso de campanha, \u00e9 um compromisso de governo e \u00e9 um compromisso com a minha vida\u201d. \u00c9 mole? \u00c9 coisa nova.<\/b><\/p>\n<p>Um dos \u00faltimos alcaides, ainda durante a recente campanha, foi a Salvador e disparou a not\u00edcia que o governo do estado iria realizar o recapeamento com asfalto das ruas e avenidas da cidade, estamos no meio do ano e ningu\u00e9m sabe quando iremos saber se esta promessa de campanha ser\u00e1 realizada.<\/p>\n<p>Promessa de campanha \u00e9 uma coisa, governar e realizar \u00e9 outra.<\/p>\n<p>E com essas e outras, a cidade continua \u00e0 deriva, sem solu\u00e7\u00e3o para os problemas de sa\u00fade, de educa\u00e7\u00e3o, de limpeza p\u00fablica&#8230;<\/p>\n<p>Mais as frases de efeito foram ditas e divulgadas pela m\u00eddia, s\u00f3 que na pr\u00e1tica os efeitos s\u00e3o outros, as atitudes seguem os mesmos passos.<\/p>\n<p>Os nossos pol\u00edticos que tem nos seus partidos o interesse maior, que colocam seus outros interesses acima do compromisso que assumiram com a cidade, precisam baixar um pouco a bola, o povo a cada dia que passa est\u00e1 atento a tudo o que acontece, apenas com um agravante de n\u00e3o saber ainda escolher seus governantes, mas um dia a consci\u00eancia vai falar mais alto.<\/p>\n<p>Acabou essa onda de afirmar que n\u00e3o sabia de nada. O Gestor P\u00fablico, no caso o alcaide, perante a lei \u00e9 o \u00fanico respons\u00e1vel pela administra\u00e7\u00e3o do munic\u00edpio e os seus secret\u00e1rios lhe devem lealdade, obedi\u00eancia e disciplina.<\/p>\n<p>J\u00e1 se encontra em discuss\u00e3o no congresso nacional um dispositivo que trata de responsabilizar tamb\u00e9m os secret\u00e1rios por improbidade admistrativa. Aguardemos.<\/p>\n<p>Ser\u00e1 que vamos ficar sempre com saudades dos tempos que n\u00e3o voltam mais?<\/p>\n<p><b>Z\u00c9CARLOS JUNIOR<\/b><\/p>\n","protected":false},"excerpt":{"rendered":"<p>Quantas coisas acontecem na nossa vida e que o tempo se encarrega de apagar da mem\u00f3ria, como as ondas do mar que se jogam na praia e ao voltar levam o que estiver pela frente. Na fam\u00edlia, na vida profissional, na cidade, na pol\u00edtica, enfim, tudo \u00e9 tragado pelo tempo. Claro que ningu\u00e9m espera que [&hellip;]<\/p>\n","protected":false},"author":2,"featured_media":0,"comment_status":"open","ping_status":"open","sticky":false,"template":"","format":"standard","meta":{"_links_to":"","_links_to_target":""},"categories":[10],"tags":[],"_links":{"self":[{"href":"https:\/\/www.r2cpress.com.br\/v1\/wp-json\/wp\/v2\/posts\/66106"}],"collection":[{"href":"https:\/\/www.r2cpress.com.br\/v1\/wp-json\/wp\/v2\/posts"}],"about":[{"href":"https:\/\/www.r2cpress.com.br\/v1\/wp-json\/wp\/v2\/types\/post"}],"author":[{"embeddable":true,"href":"https:\/\/www.r2cpress.com.br\/v1\/wp-json\/wp\/v2\/users\/2"}],"replies":[{"embeddable":true,"href":"https:\/\/www.r2cpress.com.br\/v1\/wp-json\/wp\/v2\/comments?post=66106"}],"version-history":[{"count":3,"href":"https:\/\/www.r2cpress.com.br\/v1\/wp-json\/wp\/v2\/posts\/66106\/revisions"}],"predecessor-version":[{"id":66109,"href":"https:\/\/www.r2cpress.com.br\/v1\/wp-json\/wp\/v2\/posts\/66106\/revisions\/66109"}],"wp:attachment":[{"href":"https:\/\/www.r2cpress.com.br\/v1\/wp-json\/wp\/v2\/media?parent=66106"}],"wp:term":[{"taxonomy":"category","embeddable":true,"href":"https:\/\/www.r2cpress.com.br\/v1\/wp-json\/wp\/v2\/categories?post=66106"},{"taxonomy":"post_tag","embeddable":true,"href":"https:\/\/www.r2cpress.com.br\/v1\/wp-json\/wp\/v2\/tags?post=66106"}],"curies":[{"name":"wp","href":"https:\/\/api.w.org\/{rel}","templated":true}]}}