{"id":66110,"date":"2013-05-26T20:25:49","date_gmt":"2013-05-26T23:25:49","guid":{"rendered":"http:\/\/www.r2cpress.com.br\/v1\/?p=66110"},"modified":"2013-05-26T20:26:38","modified_gmt":"2013-05-26T23:26:38","slug":"acoes-do-vereador-cosme-araujo","status":"publish","type":"post","link":"https:\/\/www.r2cpress.com.br\/v1\/2013\/05\/26\/acoes-do-vereador-cosme-araujo\/","title":{"rendered":"A\u00e7\u00f5es do Vereador Cosme Ara\u00fajo"},"content":{"rendered":"<div>\n<div id=\"attachment_66112\" style=\"width: 310px\" class=\"wp-caption alignleft\"><a href=\"http:\/\/www.r2cpress.com.br\/v1\/wp-content\/uploads\/VEREADOR-COSME-ARA\u00daJO_PDT.jpg\"><img aria-describedby=\"caption-attachment-66112\" loading=\"lazy\" class=\"size-full wp-image-66112\" alt=\"Vereador Cosme Ara\u00fajo (PDT).\" src=\"http:\/\/www.r2cpress.com.br\/v1\/wp-content\/uploads\/VEREADOR-COSME-ARA\u00daJO_PDT.jpg\" width=\"300\" height=\"287\" \/><\/a><p id=\"caption-attachment-66112\" class=\"wp-caption-text\">Vereador Cosme Ara\u00fajo (PDT).<\/p><\/div>\n<p><strong>Nesta semana:<\/strong><\/p>\n<\/div>\n<div><\/div>\n<div>Mo\u00e7\u00e3o de Congratula\u00e7\u00e3o e louvor ao Ex-Presidente do Colo Colo, Jos\u00e9 Maria de Almeida Santana, pelo t\u00edtulo in\u00e9dito de campe\u00e3o baiano de futebol profissional, no dia 28 de maio de 2006.<\/div>\n<div><\/div>\n<div>Apresenta\u00e7\u00e3o requerimento sess\u00e3o especial sobre o CCZ.<\/div>\n<div><\/div>\n<div>Apresenta\u00e7\u00e3o de dezenas\u00a0de preposi\u00e7\u00f5es de interesse dos munic\u00edpes. (manuten\u00e7\u00e3o de estradas vicinais; recupera\u00e7\u00e3o de pra\u00e7as; ilunina\u00e7\u00e3o p\u00fablica; seguran\u00e7a p\u00fablica, meio ambiente, educa\u00e7\u00e3o, sa\u00fade e transportes).<\/div>\n<div><\/div>\n<div>Leitura e vota\u00e7\u00e3o, por artigo, do Projeto de Lei que cria o\u00a0DIA DO\u00a0BLOGUEIRO<\/div>\n<div><\/div>\n<div>Leitura e vota\u00e7\u00e3o de requerimento solicitando DECLARA\u00c7\u00c3O DE BENS DO PREFEITO,VICE-PREFEITO, SECRET\u00c1RIOS E VEREADORES.<\/div>\n<div><\/div>\n<div>Leitura e vota\u00e7\u00e3o de requerimenrto solicitando cumprimento do Legislativo na apresenta\u00e7\u00e3o dos balan\u00e7os mensais, como disp\u00f5e a LOMI.<\/div>\n<div><\/div>\n<div>Leitura e vota\u00e7\u00e3o da Emenda Modificativa da LOMI, com rela\u00e7\u00e3o a altera\u00e7\u00e3o dos per\u00edodos\u00a0de sess\u00f5es ordin\u00e1rias, anual.<\/div>\n<div><\/div>\n<div>Cobran\u00e7a em plen\u00e1rio do gestor p\u00fablico, quanto a indica\u00e7\u00e3o referente ao RESTAURANTE POPULAR.<\/div>\n<div><\/div>\n<div>Apresenta\u00e7\u00e3o de requerimento ao legislativo, criando comiss\u00e3o paralela para acompanhamento das desapropria\u00e7\u00f5es das residencias da zona sul da cidade, face a constru\u00e7\u00e3o da nova ponte Ilh\u00e9us\/Pontal\/Ilh\u00e9us. Proposi\u00e7\u00e3odo Vereador Cosme Ara\u00fajo.<\/div>\n<div><\/div>\n<div><strong>Agenda do Vereador Cosme Ara\u00fajo:<\/strong><\/div>\n<div><\/div>\n<div>27\/05 &#8211; Reuni\u00e3o com a diretoria da ag\u00eancia dos Correios em Ilh\u00e9us; Reuni\u00e3o com moradores do bairro Nova Bras\u00edlia, zona sul da cidade; Reuni\u00e3o com assessoria para prepara\u00e7\u00e3o do esbo\u00e7o do Projeto de Lei que cria o CONSELHO MUNICIPAL DE OR\u00c7AMENTO PARTICIPATIVO.<\/div>\n<div><\/div>\n<div>28\/05 &#8211; 16h, Sess\u00e3o da CMI.<\/div>\n<div><\/div>\n<div>29\/05 &#8211; 16H, Sess\u00e3o da CMI.<\/div>\n<div><\/div>\n<div>30\/05 &#8211; Feriado: Visita \u00e0s comunidades rurais da zona\u00a0norte da cidade;<\/div>\n<div><\/div>\n<div>31\/05 &#8211; Visita ao TCM.<\/div>\n<div><\/div>\n<div>Assessoria<\/div>\n","protected":false},"excerpt":{"rendered":"<p>Nesta semana: Mo\u00e7\u00e3o de Congratula\u00e7\u00e3o e louvor ao Ex-Presidente do Colo Colo, Jos\u00e9 Maria de Almeida Santana, pelo t\u00edtulo in\u00e9dito de campe\u00e3o baiano de futebol profissional, no dia 28 de maio de 2006. Apresenta\u00e7\u00e3o requerimento sess\u00e3o especial sobre o CCZ. Apresenta\u00e7\u00e3o de dezenas\u00a0de preposi\u00e7\u00f5es de interesse dos munic\u00edpes. (manuten\u00e7\u00e3o de estradas vicinais; recupera\u00e7\u00e3o de pra\u00e7as; [&hellip;]<\/p>\n","protected":false},"author":2,"featured_media":0,"comment_status":"open","ping_status":"open","sticky":false,"template":"","format":"standard","meta":{"_links_to":"","_links_to_target":""},"categories":[22],"tags":[],"_links":{"self":[{"href":"https:\/\/www.r2cpress.com.br\/v1\/wp-json\/wp\/v2\/posts\/66110"}],"collection":[{"href":"https:\/\/www.r2cpress.com.br\/v1\/wp-json\/wp\/v2\/posts"}],"about":[{"href":"https:\/\/www.r2cpress.com.br\/v1\/wp-json\/wp\/v2\/types\/post"}],"author":[{"embeddable":true,"href":"https:\/\/www.r2cpress.com.br\/v1\/wp-json\/wp\/v2\/users\/2"}],"replies":[{"embeddable":true,"href":"https:\/\/www.r2cpress.com.br\/v1\/wp-json\/wp\/v2\/comments?post=66110"}],"version-history":[{"count":5,"href":"https:\/\/www.r2cpress.com.br\/v1\/wp-json\/wp\/v2\/posts\/66110\/revisions"}],"predecessor-version":[{"id":66116,"href":"https:\/\/www.r2cpress.com.br\/v1\/wp-json\/wp\/v2\/posts\/66110\/revisions\/66116"}],"wp:attachment":[{"href":"https:\/\/www.r2cpress.com.br\/v1\/wp-json\/wp\/v2\/media?parent=66110"}],"wp:term":[{"taxonomy":"category","embeddable":true,"href":"https:\/\/www.r2cpress.com.br\/v1\/wp-json\/wp\/v2\/categories?post=66110"},{"taxonomy":"post_tag","embeddable":true,"href":"https:\/\/www.r2cpress.com.br\/v1\/wp-json\/wp\/v2\/tags?post=66110"}],"curies":[{"name":"wp","href":"https:\/\/api.w.org\/{rel}","templated":true}]}}