{"id":66117,"date":"2013-05-26T20:45:46","date_gmt":"2013-05-26T23:45:46","guid":{"rendered":"http:\/\/www.r2cpress.com.br\/v1\/?p=66117"},"modified":"2013-05-26T20:45:46","modified_gmt":"2013-05-26T23:45:46","slug":"car-realiza-audiencia-publica-e-reune-350-agricultores-familiares-em-itamaraju","status":"publish","type":"post","link":"https:\/\/www.r2cpress.com.br\/v1\/2013\/05\/26\/car-realiza-audiencia-publica-e-reune-350-agricultores-familiares-em-itamaraju\/","title":{"rendered":"CAR realiza Audi\u00eancia P\u00fablica e re\u00fane 350 agricultores familiares em Itamaraju"},"content":{"rendered":"<div>\n<p align=\"JUSTIFY\">Com a presen\u00e7a de 350 agricultores familiares, a Companhia de Desenvolvimento e A\u00e7\u00e3o Regional (CAR), empresa da Secretaria de Desenvolvimento e Integra\u00e7\u00e3o Regional (Sedir), realizou este fim de semana, no Audit\u00f3rio da C\u00e2mara Municipal de Itamaraju, no Extremo Sul do estado, Audi\u00eancia P\u00fablica com o objetivo de apresentar os programas e as a\u00e7\u00f5es da CAR aos agricultores familiares, receber solicita\u00e7\u00f5es de novos projetos e assinar conv\u00eanios e termos de compromisso com entidades da regi\u00e3o.<\/p>\n<\/div>\n<p align=\"JUSTIFY\">O evento foi acompanhado pelo titular da Sedir, Wilson Brito, pela chefe de gabinete da Secretaria de Pol\u00edticas para as Mulheres (SPM), F\u00e1bia Reis, e por v\u00e1rios t\u00e9cnicos da CAR. Estiveram presentes tamb\u00e9m representantes de associa\u00e7\u00f5es, cooperativas, Movimentos Sociais, coordena\u00e7\u00f5es dos Territ\u00f3rios de Identidade Costa das Baleias e Extremo Sul, Ceplac, EBDA, Banco do Nordeste, Incra, 43\u00aa Companhia da Pol\u00edcia Militar, Sebrae, OAB e Fetraf, entre outros.<\/p>\n<p align=\"JUSTIFY\">De acordo com o chefe do Escrit\u00f3rio Regional da CAR em Itabuna, Jo\u00e3o Neto, a audi\u00eancia \u00e9 realizada em um momento importante, quando a CAR est\u00e1 completando 30 anos. &#8220;A finalidade desse evento \u00e9 estreitar os la\u00e7os dessa rela\u00e7\u00e3o com os agricultores familiares dessa regi\u00e3o, apresentando as a\u00e7\u00f5es da empresa, assinando conv\u00eanios e recebendo novas solicita\u00e7\u00f5es&#8221;, disse.<\/p>\n<p align=\"JUSTIFY\">Foram apresentadas a\u00e7\u00f5es da CAR realizadas no \u00e2mbito de programas como o Produzir e Vida Melhor, que possuem v\u00e1rios projetos em execu\u00e7\u00e3o na regi\u00e3o. Entre eles, a F\u00e1brica de Latic\u00ednios de Coaraci, inaugurada este m\u00eas, j\u00e1 beneficiando diretamente 300 fam\u00edlias de produtores, al\u00e9m de outras a\u00e7\u00f5es que potencializam e agregam valor aos produtos da agricultura familiar.<\/p>\n<p align=\"JUSTIFY\"><!--more--><\/p>\n<p align=\"JUSTIFY\">Para Wilson Brito, essa \u00e9 a oportunidade de evidenciar a import\u00e2ncia das a\u00e7\u00f5es da Sedir e da CAR para as comunidades rurais, al\u00e9m de apresentar o trabalho realizado de forma transversal com outras secretarias e \u00f3rg\u00e3os do governo estadual, que v\u00eam promovendo o desenvolvimento em todo o estado. &#8220;A Sedir est\u00e1 aberta para receber os pleitos que sejam de necessidades das comunidades. Queremos entregar equipamentos e obras em todos os munic\u00edpios da Bahia, para transformar a vida das fam\u00edlias que mais necessitam&#8221;, ressaltou.<\/p>\n<p align=\"CENTER\">\n<p align=\"CENTER\">Conv\u00eanios<\/p>\n<p align=\"JUSTIFY\">Durante o encontro, foram assinados conv\u00eanios para a implanta\u00e7\u00e3o de uma Casa de Mel com a Associa\u00e7\u00e3o dos Pequenos Produtores de Mel de Itamaraju e constru\u00e7\u00e3o de 37 sanit\u00e1rios residenciais com a Associa\u00e7\u00e3o de Mulheres Volunt\u00e1rias de Jucuru\u00e7u, al\u00e9m do recebimento de novas solicita\u00e7\u00f5es. Foi entregue ainda um projeto de Mecaniza\u00e7\u00e3o Agr\u00edcola para a Associa\u00e7\u00e3o dos Pequenos Produtores de Bela Vista de Tururim, em Itamaraju, com trator e implementos agr\u00edcolas para dinamizar a produ\u00e7\u00e3o.<\/p>\n<p align=\"JUSTIFY\">A Sedir\/CAR assinou ainda termos de compromisso para futuros conv\u00eanios com as associa\u00e7\u00f5es dos Pequenos Produtores do C\u00f3rrego do Jacar\u00e9 para a entrega de 1 trator com equipamentos, e dos Pequenos Produtores dos Assentamentos Pau Brasil, Cruz do Ouro e Pedra Bonita, de Itamaraju, para a entrega de uma unidade de m\u00faltiplo uso \u2013 cozinha industrial e despolpadeira \u2013 que beneficiar\u00e1 300 fam\u00edlias em Itamaraju.<\/p>\n<p align=\"JUSTIFY\">A iniciativa foi organizada pelo Escrit\u00f3rio Regional da CAR em Itabuna, que atende 45 munic\u00edpios do Sul e Extremo Sul do estado e atua em projetos que abrangem o fortalecimento das cadeias produtivas da bovinocultura de leite, caprino e ovinocultura, apicultura, mandiocultura e fruticultura, al\u00e9m da constru\u00e7\u00e3o de cisternas, pontes, sanit\u00e1rios residenciais e mecaniza\u00e7\u00e3o agr\u00edcola, entre outros.<\/p>\n<p align=\"JUSTIFY\">Estiveram presentes tamb\u00e9m prefeitos e vereadores dos munic\u00edpios de Itanh\u00e9m, Prado, Teixeira de Freitas, Caravelas, Itamaraju, Mucuri e Jucuru\u00e7u, al\u00e9m de secret\u00e1rios municipais de Alcoba\u00e7a e Porto Seguro.<\/p>\n","protected":false},"excerpt":{"rendered":"<p>Com a presen\u00e7a de 350 agricultores familiares, a Companhia de Desenvolvimento e A\u00e7\u00e3o Regional (CAR), empresa da Secretaria de Desenvolvimento e Integra\u00e7\u00e3o Regional (Sedir), realizou este fim de semana, no Audit\u00f3rio da C\u00e2mara Municipal de Itamaraju, no Extremo Sul do estado, Audi\u00eancia P\u00fablica com o objetivo de apresentar os programas e as a\u00e7\u00f5es da CAR [&hellip;]<\/p>\n","protected":false},"author":2,"featured_media":0,"comment_status":"open","ping_status":"open","sticky":false,"template":"","format":"standard","meta":{"_links_to":"","_links_to_target":""},"categories":[29],"tags":[],"_links":{"self":[{"href":"https:\/\/www.r2cpress.com.br\/v1\/wp-json\/wp\/v2\/posts\/66117"}],"collection":[{"href":"https:\/\/www.r2cpress.com.br\/v1\/wp-json\/wp\/v2\/posts"}],"about":[{"href":"https:\/\/www.r2cpress.com.br\/v1\/wp-json\/wp\/v2\/types\/post"}],"author":[{"embeddable":true,"href":"https:\/\/www.r2cpress.com.br\/v1\/wp-json\/wp\/v2\/users\/2"}],"replies":[{"embeddable":true,"href":"https:\/\/www.r2cpress.com.br\/v1\/wp-json\/wp\/v2\/comments?post=66117"}],"version-history":[{"count":3,"href":"https:\/\/www.r2cpress.com.br\/v1\/wp-json\/wp\/v2\/posts\/66117\/revisions"}],"predecessor-version":[{"id":66120,"href":"https:\/\/www.r2cpress.com.br\/v1\/wp-json\/wp\/v2\/posts\/66117\/revisions\/66120"}],"wp:attachment":[{"href":"https:\/\/www.r2cpress.com.br\/v1\/wp-json\/wp\/v2\/media?parent=66117"}],"wp:term":[{"taxonomy":"category","embeddable":true,"href":"https:\/\/www.r2cpress.com.br\/v1\/wp-json\/wp\/v2\/categories?post=66117"},{"taxonomy":"post_tag","embeddable":true,"href":"https:\/\/www.r2cpress.com.br\/v1\/wp-json\/wp\/v2\/tags?post=66117"}],"curies":[{"name":"wp","href":"https:\/\/api.w.org\/{rel}","templated":true}]}}