{"id":6612,"date":"2011-01-14T21:55:23","date_gmt":"2011-01-15T00:55:23","guid":{"rendered":"http:\/\/www.r2cpress.com.br\/v1\/?p=6612"},"modified":"2011-01-14T21:55:23","modified_gmt":"2011-01-15T00:55:23","slug":"policiais-envolvidos-no-caso-joel-serao-indiciados-por-homicidio-triplamente-qualificado","status":"publish","type":"post","link":"https:\/\/www.r2cpress.com.br\/v1\/2011\/01\/14\/policiais-envolvidos-no-caso-joel-serao-indiciados-por-homicidio-triplamente-qualificado\/","title":{"rendered":"Policiais envolvidos no caso Joel ser\u00e3o indiciados por homic\u00eddio triplamente qualificado"},"content":{"rendered":"<p>O caso do menino Joel, morto durante uma opera\u00e7\u00e3o policial no bairro de Nordeste de Amaralina no dia 21 de novembro do ano passado, est\u00e1 perto de um desfecho. Nesta sexta-feira (14), a Promotoria anunciou que os nove policiais militares da 40\u00aa CIPM envolvidos na a\u00e7\u00e3o desastrosa ser\u00e3o indiciados por homic\u00eddio doloso triplamente qualificado.<\/p>\n<p>Os policiais foram denunciados pelo promotor Davi Gallo, que atua no Tribunal do J\u00fari. No in\u00edcio deste m\u00eas, Gallo solicitou que a delegada Jussara Souza, titular da 28\u00aa Delegacia (Nordeste de Amaralina), adicionasse os boletins individuais dos PMs que participaram da a\u00e7\u00e3o militar. A delegada n\u00e3o havia indiciado nenhum dos envolvidos na a\u00e7\u00e3o policial por considerar que o caso se tratava de um crime da esfera militar. O promotor, no entanto, seguiu com a den\u00fancia contra os PMs, considerando que a morte de Joel se tratava de um crime comum.<\/p>\n<p><!--more--><\/p>\n<p>Joel foi morto por um disparo deflagrado pelo PM Eraldo Menezes de Souza, que h\u00e1 14 anos trabalha na corpora\u00e7\u00e3o. Os policiais alegam que o garoto foi atingido durante um confronto com criminosos. Os familiares do menino, no entanto, contestam essa vers\u00e3o e alegam que os policiais se negaram a prestar socorro ap\u00f3s a crian\u00e7a ter sido baleada.<\/p>\n<p>&#8212;<br \/>\n<a href = \"http:\/\/www.tribunadabahia.com.br\/news.php?idAtual=70407\" = \"_news\"><b>Tribuna da Bahia<\/b><\/a><\/p>\n","protected":false},"excerpt":{"rendered":"<p>O caso do menino Joel, morto durante uma opera\u00e7\u00e3o policial no bairro de Nordeste de Amaralina no dia 21 de novembro do ano passado, est\u00e1 perto de um desfecho. Nesta sexta-feira (14), a Promotoria anunciou que os nove policiais militares da 40\u00aa CIPM envolvidos na a\u00e7\u00e3o desastrosa ser\u00e3o indiciados por homic\u00eddio doloso triplamente qualificado. Os [&hellip;]<\/p>\n","protected":false},"author":2,"featured_media":0,"comment_status":"open","ping_status":"open","sticky":false,"template":"","format":"standard","meta":{"_links_to":"","_links_to_target":""},"categories":[25],"tags":[],"_links":{"self":[{"href":"https:\/\/www.r2cpress.com.br\/v1\/wp-json\/wp\/v2\/posts\/6612"}],"collection":[{"href":"https:\/\/www.r2cpress.com.br\/v1\/wp-json\/wp\/v2\/posts"}],"about":[{"href":"https:\/\/www.r2cpress.com.br\/v1\/wp-json\/wp\/v2\/types\/post"}],"author":[{"embeddable":true,"href":"https:\/\/www.r2cpress.com.br\/v1\/wp-json\/wp\/v2\/users\/2"}],"replies":[{"embeddable":true,"href":"https:\/\/www.r2cpress.com.br\/v1\/wp-json\/wp\/v2\/comments?post=6612"}],"version-history":[{"count":3,"href":"https:\/\/www.r2cpress.com.br\/v1\/wp-json\/wp\/v2\/posts\/6612\/revisions"}],"predecessor-version":[{"id":6615,"href":"https:\/\/www.r2cpress.com.br\/v1\/wp-json\/wp\/v2\/posts\/6612\/revisions\/6615"}],"wp:attachment":[{"href":"https:\/\/www.r2cpress.com.br\/v1\/wp-json\/wp\/v2\/media?parent=6612"}],"wp:term":[{"taxonomy":"category","embeddable":true,"href":"https:\/\/www.r2cpress.com.br\/v1\/wp-json\/wp\/v2\/categories?post=6612"},{"taxonomy":"post_tag","embeddable":true,"href":"https:\/\/www.r2cpress.com.br\/v1\/wp-json\/wp\/v2\/tags?post=6612"}],"curies":[{"name":"wp","href":"https:\/\/api.w.org\/{rel}","templated":true}]}}