{"id":66128,"date":"2013-05-27T13:14:46","date_gmt":"2013-05-27T16:14:46","guid":{"rendered":"http:\/\/www.r2cpress.com.br\/v1\/?p=66128"},"modified":"2013-05-27T13:14:46","modified_gmt":"2013-05-27T16:14:46","slug":"alfredo-amorim-da-silveira-25","status":"publish","type":"post","link":"https:\/\/www.r2cpress.com.br\/v1\/2013\/05\/27\/alfredo-amorim-da-silveira-25\/","title":{"rendered":"Alfredo Amorim da Silveira"},"content":{"rendered":"<h3 style=\"text-align: center;\" align=\"center\"><span style=\"color: #ff0000;\"><b><i>Est\u00e3o querendo derrubar a Capela de Nossa Senhora de F\u00e1tima<\/i><\/b><\/span><\/h3>\n<p align=\"center\"><a href=\"http:\/\/www.r2cpress.com.br\/v1\/wp-content\/uploads\/capela-maternidade.jpg\"><img loading=\"lazy\" class=\"size-full wp-image-66129 alignnone\" alt=\"capela maternidade\" src=\"http:\/\/www.r2cpress.com.br\/v1\/wp-content\/uploads\/capela-maternidade.jpg\" width=\"243\" height=\"324\" srcset=\"https:\/\/www.r2cpress.com.br\/v1\/wp-content\/uploads\/capela-maternidade.jpg 243w, https:\/\/www.r2cpress.com.br\/v1\/wp-content\/uploads\/capela-maternidade-225x300.jpg 225w\" sizes=\"(max-width: 243px) 100vw, 243px\" \/><\/a><\/p>\n<p><img loading=\"lazy\" class=\"alignleft\" alt=\"\" src=\"http:\/\/www.r2cpress.com.br\/v1\/wp-content\/uploads\/alfredo-amorim-nova.jpg\" width=\"300\" height=\"105\" \/>Primeiro derrubaram a Capela de S\u00e3o Sebasti\u00e3o, depois deram fim a fonte da Pra\u00e7a Coronel Pessoa, aos le\u00f5es da pra\u00e7a D. Eduardo, aos postes de ferro fundido da Av. Soares Lopes, ao pr\u00e9dio onde funcionou a primeira Prefeitura da cidade.<\/p>\n<p>Agora querem derrubar esta capela que \u00e9 parte da hist\u00f3ria recente da cidade, pode?<\/p>\n<p>Daqui a pouco v\u00e3o querer derrubar o Cristo para construir a ponte do Pontal.<\/p>\n<p>Pelo que estou sabendo a Capela e o Necrot\u00e9rio n\u00e3o pertencem \u00e0 Associa\u00e7\u00e3o das Senhoras de Caridade, foi doada \u00e0 Diocese de Ilh\u00e9us e tamb\u00e9m n\u00e3o estava inclu\u00edda na parte que foi a leil\u00e3o, como est\u00e3o querendo tomar posse da mesma?<\/p>\n<p>O povo de Ilh\u00e9us precisa reagir a esta afronta.<\/p>\n<p>Por minha parte vou jogar uma praga a quem fizer isto e tamb\u00e9m a quem permitir.<\/p>\n","protected":false},"excerpt":{"rendered":"<p>Est\u00e3o querendo derrubar a Capela de Nossa Senhora de F\u00e1tima Primeiro derrubaram a Capela de S\u00e3o Sebasti\u00e3o, depois deram fim a fonte da Pra\u00e7a Coronel Pessoa, aos le\u00f5es da pra\u00e7a D. Eduardo, aos postes de ferro fundido da Av. Soares Lopes, ao pr\u00e9dio onde funcionou a primeira Prefeitura da cidade. Agora querem derrubar esta capela [&hellip;]<\/p>\n","protected":false},"author":2,"featured_media":0,"comment_status":"open","ping_status":"open","sticky":false,"template":"","format":"standard","meta":{"_links_to":"","_links_to_target":""},"categories":[10],"tags":[],"_links":{"self":[{"href":"https:\/\/www.r2cpress.com.br\/v1\/wp-json\/wp\/v2\/posts\/66128"}],"collection":[{"href":"https:\/\/www.r2cpress.com.br\/v1\/wp-json\/wp\/v2\/posts"}],"about":[{"href":"https:\/\/www.r2cpress.com.br\/v1\/wp-json\/wp\/v2\/types\/post"}],"author":[{"embeddable":true,"href":"https:\/\/www.r2cpress.com.br\/v1\/wp-json\/wp\/v2\/users\/2"}],"replies":[{"embeddable":true,"href":"https:\/\/www.r2cpress.com.br\/v1\/wp-json\/wp\/v2\/comments?post=66128"}],"version-history":[{"count":3,"href":"https:\/\/www.r2cpress.com.br\/v1\/wp-json\/wp\/v2\/posts\/66128\/revisions"}],"predecessor-version":[{"id":66132,"href":"https:\/\/www.r2cpress.com.br\/v1\/wp-json\/wp\/v2\/posts\/66128\/revisions\/66132"}],"wp:attachment":[{"href":"https:\/\/www.r2cpress.com.br\/v1\/wp-json\/wp\/v2\/media?parent=66128"}],"wp:term":[{"taxonomy":"category","embeddable":true,"href":"https:\/\/www.r2cpress.com.br\/v1\/wp-json\/wp\/v2\/categories?post=66128"},{"taxonomy":"post_tag","embeddable":true,"href":"https:\/\/www.r2cpress.com.br\/v1\/wp-json\/wp\/v2\/tags?post=66128"}],"curies":[{"name":"wp","href":"https:\/\/api.w.org\/{rel}","templated":true}]}}