{"id":66137,"date":"2013-05-27T13:25:44","date_gmt":"2013-05-27T16:25:44","guid":{"rendered":"http:\/\/www.r2cpress.com.br\/v1\/?p=66137"},"modified":"2013-05-27T13:25:44","modified_gmt":"2013-05-27T16:25:44","slug":"profissionais-da-saude-de-ilheus-participam-de-capacitacao-para-o-samu-regional","status":"publish","type":"post","link":"https:\/\/www.r2cpress.com.br\/v1\/2013\/05\/27\/profissionais-da-saude-de-ilheus-participam-de-capacitacao-para-o-samu-regional\/","title":{"rendered":"Profissionais da sa\u00fade de Ilh\u00e9us participam de capacita\u00e7\u00e3o para o Samu Regional"},"content":{"rendered":"<p>M\u00e9dicos, enfermeiras e t\u00e9cnicos de enfermagem da rede de aten\u00e7\u00e3o b\u00e1sica de Ilh\u00e9us participam do treinamento e capacita\u00e7\u00e3o para atuarem como multiplicadores na forma\u00e7\u00e3o das equipes dos 21 munic\u00edpios que comp\u00f5em a 5\u00aa e 6\u00aa Diretoria Regional de Sa\u00fade (Dires) e integrar\u00e3o a rede de aten\u00e7\u00e3o Regional do Servi\u00e7o de Atendimento M\u00f3vel de Urg\u00eancia (Samu). O treinamento, realizado atrav\u00e9s da Secretaria Municipal de Sa\u00fade (Sesau), \u00e9 conduzido pelo N\u00facleo de Ensino e Pesquisa (NEP), dividido em sete m\u00f3dulos, com prazo de encerramento no dia 28 de novembro.<br \/>\n<div id=\"attachment_66138\" style=\"width: 510px\" class=\"wp-caption aligncenter\"><a href=\"http:\/\/www.r2cpress.com.br\/v1\/wp-content\/uploads\/Secret\u00e1ria-Municipal-de-Sa\u00fade-Led\u00edvia-Espinheira-Foto-Gidelzo-Silva-Secom-Ilh\u00e9us-32.jpg\"><img aria-describedby=\"caption-attachment-66138\" loading=\"lazy\" src=\"http:\/\/www.r2cpress.com.br\/v1\/wp-content\/uploads\/Secret\u00e1ria-Municipal-de-Sa\u00fade-Led\u00edvia-Espinheira-Foto-Gidelzo-Silva-Secom-Ilh\u00e9us-32.jpg\" alt=\"Secret\u00e1ria Municipal de Sa\u00fade, Led\u00edvia Espinheira - Foto Gidelzo Silva - Secom Ilh\u00e9us.\" width=\"500\" height=\"295\" class=\"size-full wp-image-66138\" srcset=\"https:\/\/www.r2cpress.com.br\/v1\/wp-content\/uploads\/Secret\u00e1ria-Municipal-de-Sa\u00fade-Led\u00edvia-Espinheira-Foto-Gidelzo-Silva-Secom-Ilh\u00e9us-32.jpg 500w, https:\/\/www.r2cpress.com.br\/v1\/wp-content\/uploads\/Secret\u00e1ria-Municipal-de-Sa\u00fade-Led\u00edvia-Espinheira-Foto-Gidelzo-Silva-Secom-Ilh\u00e9us-32-300x177.jpg 300w\" sizes=\"(max-width: 500px) 100vw, 500px\" \/><\/a><p id=\"caption-attachment-66138\" class=\"wp-caption-text\">Secret\u00e1ria Municipal de Sa\u00fade, Led\u00edvia Espinheira &#8211; Foto Gidelzo Silva &#8211; Secom Ilh\u00e9us.<\/p><\/div><br \/>\nNa abertura do curso, na \u00faltima quinta-feira, 23, no audit\u00f3rio da 6\u00aa Dires, a secret\u00e1ria de Sa\u00fade, Led\u00edvia Espinheira, salientou que o servi\u00e7o constitui uma rede de aten\u00e7\u00e3o de grande import\u00e2ncia para o Minist\u00e9rio. \u201cPara o Minist\u00e9rio da Sa\u00fade, resolvendo os entraves da rede de urg\u00eancia, pode-se evitar grande parte dos problemas da sa\u00fade no pa\u00eds\u201d, disse, acrescentando que as ocorr\u00eancias de enfarto, acidente vascular cerebral e trauma s\u00e3o as que mais afetam a popula\u00e7\u00e3o.<\/p>\n<p><div id=\"attachment_66139\" style=\"width: 310px\" class=\"wp-caption alignright\"><a href=\"http:\/\/www.r2cpress.com.br\/v1\/wp-content\/uploads\/Walbert-Silveira-coordenador-Regional-do-Samu-Foto-Gidelzo-Silva-Secom-Ilh\u00e9us-67.jpg\"><img aria-describedby=\"caption-attachment-66139\" loading=\"lazy\" src=\"http:\/\/www.r2cpress.com.br\/v1\/wp-content\/uploads\/Walbert-Silveira-coordenador-Regional-do-Samu-Foto-Gidelzo-Silva-Secom-Ilh\u00e9us-67.jpg\" alt=\"Walbert Silveira, coordenador Regional do Samu - Foto Gidelzo Silva - Secom Ilh\u00e9us.\" width=\"300\" height=\"293\" class=\"size-full wp-image-66139\" \/><\/a><p id=\"caption-attachment-66139\" class=\"wp-caption-text\">Walbert Silveira, coordenador Regional do Samu &#8211; Foto Gidelzo Silva &#8211; Secom Ilh\u00e9us.<\/p><\/div>No primeiro m\u00f3dulo, ministrado pelo coordenador Regional do Samu, Walbert Silveira, e pela diretora de Planejamento da Sesau, Andreia Dickie, foram apresentadas as compet\u00eancias e regula\u00e7\u00e3o do Samu, a hist\u00f3ria do servi\u00e7o de atendimento pr\u00e9-hospitalar, desde o transporte aerom\u00e9dico na Segunda Guerra Mundial at\u00e9 os dias atuais.<\/p>\n<p>Nessa primeira etapa, o projeto do Samu regional realiza a\u00e7\u00f5es de planejamento e capacita\u00e7\u00e3o das equipes, levantamento estat\u00edstico dos servi\u00e7os de emerg\u00eancia e urg\u00eancia m\u00e9dicas dos munic\u00edpios envolvidos, al\u00e9m dos projetos arquitet\u00f4nicos das bases de atendimento. A segunda etapa ser\u00e1 para constru\u00e7\u00e3o, reforma ou amplia\u00e7\u00e3o da central de regula\u00e7\u00e3o m\u00e9dica das urg\u00eancias, seguida de todas as provid\u00eancias burocr\u00e1ticas para o respectivo funcionamento.<\/p>\n<p>Somente ap\u00f3s essas etapas, o Minist\u00e9rio da Sa\u00fade far\u00e1 a visita t\u00e9cnica para, em seguida, autorizar a libera\u00e7\u00e3o das ambul\u00e2ncias devidamente equipadas. Na Bahia, o Samu foi implantado em 2004, inicialmente nas cidades de Eunap\u00f3lis e Vit\u00f3ria da Conquista.      <\/p>\n<p>Regi\u00e3o de Sa\u00fade \u2013 Na articula\u00e7\u00e3o do novo mapa da sa\u00fade p\u00fablica na Bahia, Ilh\u00e9us funcionar\u00e1 como sede regional. No caso do Samu, a rede abranger\u00e1 munic\u00edpios como Canavieiras, Santa Luzia, Arataca, Una, Uru\u00e7uca, Itacar\u00e9, Camamu, Mara\u00fa, Ituber\u00e1, Tapero\u00e1, Cairu, Valen\u00e7a, Gandu, Wenceslau Guimar\u00e3es, Pira\u00ed do Norte e Teol\u00e2ndia, que, conforme o projeto, ter\u00e3o ambul\u00e2ncias dispon\u00edveis. Os munic\u00edpios do entorno ser\u00e3o atendidos atrav\u00e9s da central de regula\u00e7\u00e3o.<\/p>\n<p>&#8212;<br \/>\nSecretaria de Comunica\u00e7\u00e3o Social (Secom)<br \/>\nIlh\u00e9us \u2013 27.05.2013<\/p>\n","protected":false},"excerpt":{"rendered":"<p>M\u00e9dicos, enfermeiras e t\u00e9cnicos de enfermagem da rede de aten\u00e7\u00e3o b\u00e1sica de Ilh\u00e9us participam do treinamento e capacita\u00e7\u00e3o para atuarem como multiplicadores na forma\u00e7\u00e3o das equipes dos 21 munic\u00edpios que comp\u00f5em a 5\u00aa e 6\u00aa Diretoria Regional de Sa\u00fade (Dires) e integrar\u00e3o a rede de aten\u00e7\u00e3o Regional do Servi\u00e7o de Atendimento M\u00f3vel de Urg\u00eancia (Samu). [&hellip;]<\/p>\n","protected":false},"author":2,"featured_media":0,"comment_status":"open","ping_status":"open","sticky":false,"template":"","format":"standard","meta":{"_links_to":"","_links_to_target":""},"categories":[23],"tags":[],"_links":{"self":[{"href":"https:\/\/www.r2cpress.com.br\/v1\/wp-json\/wp\/v2\/posts\/66137"}],"collection":[{"href":"https:\/\/www.r2cpress.com.br\/v1\/wp-json\/wp\/v2\/posts"}],"about":[{"href":"https:\/\/www.r2cpress.com.br\/v1\/wp-json\/wp\/v2\/types\/post"}],"author":[{"embeddable":true,"href":"https:\/\/www.r2cpress.com.br\/v1\/wp-json\/wp\/v2\/users\/2"}],"replies":[{"embeddable":true,"href":"https:\/\/www.r2cpress.com.br\/v1\/wp-json\/wp\/v2\/comments?post=66137"}],"version-history":[{"count":2,"href":"https:\/\/www.r2cpress.com.br\/v1\/wp-json\/wp\/v2\/posts\/66137\/revisions"}],"predecessor-version":[{"id":66141,"href":"https:\/\/www.r2cpress.com.br\/v1\/wp-json\/wp\/v2\/posts\/66137\/revisions\/66141"}],"wp:attachment":[{"href":"https:\/\/www.r2cpress.com.br\/v1\/wp-json\/wp\/v2\/media?parent=66137"}],"wp:term":[{"taxonomy":"category","embeddable":true,"href":"https:\/\/www.r2cpress.com.br\/v1\/wp-json\/wp\/v2\/categories?post=66137"},{"taxonomy":"post_tag","embeddable":true,"href":"https:\/\/www.r2cpress.com.br\/v1\/wp-json\/wp\/v2\/tags?post=66137"}],"curies":[{"name":"wp","href":"https:\/\/api.w.org\/{rel}","templated":true}]}}