{"id":66142,"date":"2013-05-27T13:31:54","date_gmt":"2013-05-27T16:31:54","guid":{"rendered":"http:\/\/www.r2cpress.com.br\/v1\/?p=66142"},"modified":"2013-05-27T13:31:54","modified_gmt":"2013-05-27T16:31:54","slug":"a-morte-de-pequenos-agricultores","status":"publish","type":"post","link":"https:\/\/www.r2cpress.com.br\/v1\/2013\/05\/27\/a-morte-de-pequenos-agricultores\/","title":{"rendered":"A MORTE DE PEQUENOS AGRICULTORES"},"content":{"rendered":"<p>A MORTE DE PEQUENOS AGRICULTORES DE ILHEUS, UNA E BUERAREMA N\u00c3O \u00c9 S\u00d3 UMA TRAG\u00c9DIA ANUNCIADA, E SIM, UMA RESPONSABILIDADE DO GOVERNO E DAS AUTORIDADES LOCAIS.<\/p>\n<p><img loading=\"lazy\" class=\"alignleft\" alt=\"\" src=\"http:\/\/www.r2cpress.com.br\/v1\/wp-content\/uploads\/luiz-henrique-uaquim.jpg\" width=\"300\" height=\"142\" \/>Nem com o direito a vida j\u00e1 n\u00e3o contam mais os Pequenos Agricultores de Ilh\u00e9us, Una e Buerarema.<\/p>\n<p>Em decorr\u00eancia das sucessivas invas\u00f5es de pequenas propriedades que v\u00eam sendo\u00a0 deflagradas em nossa regi\u00e3o, n\u00f3s, Pequenos \u00a0Agricultores e demais v\u00edtimas desse crime at\u00e9 agora, impune, encurralados e sem chance de rea\u00e7\u00e3o, vimo-nos obrigados a permanecer em nossas terras montando guarda. Impedidos, por conseguinte, de exercermos nosso direito maior; escoar as nossas produ\u00e7\u00f5es que se destinam ao nosso sustento.<\/p>\n<p>Tal \u00e9 a aus\u00eancia do Estado diante do nosso clamor por justi\u00e7a, que as invas\u00f5es j\u00e1 acontecem como trag\u00e9dias anunciadas, mesmo com os devidos Boletins\u00a0\u00a0\u00a0\u00a0 \u00a0de ocorr\u00eancia registrados em tempo flagrante. A PF alega as mais diversas dificuldades de recursos para agir em tempo h\u00e1bil, e, assim, engessada por ordens superiores n\u00e3o cumpre seu papel constitucional.<\/p>\n<p>Danam-se o direito de propriedade, o direito de ir e vir para trabalhar em sua pr\u00f3pria terra, e dela retirar seu sustento. J\u00e1 n\u00e3o contamos mais nem com o direito \u00e0 vida.<\/p>\n<p>A omiss\u00e3o do Estado e da sociedade local indica que se ignoram os indesej\u00e1veis desdobramentos, que advir\u00e3o dessa situa\u00e7\u00e3o conflituosa, os quais atingem-nos a todos da regi\u00e3o, com negativo impacto s\u00f3cio-econ\u00f4mico.<\/p>\n<p>A morte de \u00cdndios e Agricultores, decerto, \u00e9 uma trag\u00e9dia anunciada, uma quest\u00e3o de tempo, todavia, esperamos em Deus, que algo seja feito para que, enfim, a paz volte a reinar.<\/p>\n<p>&nbsp;<\/p>\n<p style=\"text-align: center;\">Luiz Henrique Uaquim da Silva<\/p>\n<p style=\"text-align: center;\">Presidente<\/p>\n<p style=\"text-align: center;\">Associa\u00e7\u00e3o dos Pequenos Agricultores<\/p>\n","protected":false},"excerpt":{"rendered":"<p>A MORTE DE PEQUENOS AGRICULTORES DE ILHEUS, UNA E BUERAREMA N\u00c3O \u00c9 S\u00d3 UMA TRAG\u00c9DIA ANUNCIADA, E SIM, UMA RESPONSABILIDADE DO GOVERNO E DAS AUTORIDADES LOCAIS. Nem com o direito a vida j\u00e1 n\u00e3o contam mais os Pequenos Agricultores de Ilh\u00e9us, Una e Buerarema. Em decorr\u00eancia das sucessivas invas\u00f5es de pequenas propriedades que v\u00eam sendo\u00a0 [&hellip;]<\/p>\n","protected":false},"author":2,"featured_media":0,"comment_status":"open","ping_status":"open","sticky":false,"template":"","format":"standard","meta":{"_links_to":"","_links_to_target":""},"categories":[10],"tags":[],"_links":{"self":[{"href":"https:\/\/www.r2cpress.com.br\/v1\/wp-json\/wp\/v2\/posts\/66142"}],"collection":[{"href":"https:\/\/www.r2cpress.com.br\/v1\/wp-json\/wp\/v2\/posts"}],"about":[{"href":"https:\/\/www.r2cpress.com.br\/v1\/wp-json\/wp\/v2\/types\/post"}],"author":[{"embeddable":true,"href":"https:\/\/www.r2cpress.com.br\/v1\/wp-json\/wp\/v2\/users\/2"}],"replies":[{"embeddable":true,"href":"https:\/\/www.r2cpress.com.br\/v1\/wp-json\/wp\/v2\/comments?post=66142"}],"version-history":[{"count":4,"href":"https:\/\/www.r2cpress.com.br\/v1\/wp-json\/wp\/v2\/posts\/66142\/revisions"}],"predecessor-version":[{"id":66146,"href":"https:\/\/www.r2cpress.com.br\/v1\/wp-json\/wp\/v2\/posts\/66142\/revisions\/66146"}],"wp:attachment":[{"href":"https:\/\/www.r2cpress.com.br\/v1\/wp-json\/wp\/v2\/media?parent=66142"}],"wp:term":[{"taxonomy":"category","embeddable":true,"href":"https:\/\/www.r2cpress.com.br\/v1\/wp-json\/wp\/v2\/categories?post=66142"},{"taxonomy":"post_tag","embeddable":true,"href":"https:\/\/www.r2cpress.com.br\/v1\/wp-json\/wp\/v2\/tags?post=66142"}],"curies":[{"name":"wp","href":"https:\/\/api.w.org\/{rel}","templated":true}]}}