{"id":66151,"date":"2013-05-27T20:32:21","date_gmt":"2013-05-27T23:32:21","guid":{"rendered":"http:\/\/www.r2cpress.com.br\/v1\/?p=66151"},"modified":"2013-05-27T20:32:21","modified_gmt":"2013-05-27T23:32:21","slug":"camara-municipal-de-ilheus-109","status":"publish","type":"post","link":"https:\/\/www.r2cpress.com.br\/v1\/2013\/05\/27\/camara-municipal-de-ilheus-109\/","title":{"rendered":"C\u00e2mara Municipal de Ilh\u00e9us"},"content":{"rendered":"<p style=\"text-align: center;\"><span style=\"font-family: Calibri;\"><b><span style=\"text-decoration: underline;\">ASSESSORIA DE IMPRENSA<\/span><\/b><\/span><\/p>\n<p style=\"text-align: center;\"><span style=\"font-family: Calibri;\">\u00a0<span style=\"text-decoration: underline;\"><a href=\"http:\/\/www.camaradeilheus.com.br\" target=\"_blank\">www.camaradeilheus.com.br<\/a><\/span><\/span><\/p>\n<table border=\"1\" cellspacing=\"0\" cellpadding=\"0\">\n<tbody>\n<tr>\n<td valign=\"top\" width=\"45\"><span style=\"font-family: Calibri;\">N\u00ba<\/span><\/td>\n<td valign=\"top\" width=\"57\"><b><span style=\"font-family: Calibri;\">34<\/span><\/b><\/td>\n<td valign=\"top\" width=\"231\"><b><span style=\"font-family: Calibri;\">Ascom\/CMI<\/span><\/b><\/td>\n<td valign=\"top\" width=\"115\"><b><span style=\"font-family: Calibri;\">Data:<\/span><\/b><\/td>\n<td valign=\"top\" width=\"115\"><b><span style=\"font-family: Calibri;\">27\/05\/2013<\/span><\/b><\/td>\n<\/tr>\n<\/tbody>\n<\/table>\n<p><span style=\"font-family: Calibri; font-size: medium;\">\u00a0<\/span><\/p>\n<table border=\"1\" cellspacing=\"0\" cellpadding=\"0\">\n<tbody>\n<tr>\n<td valign=\"top\" width=\"576\">\n<p style=\"text-align: center;\"><b><span style=\"font-family: Calibri;\">C\u00e2mara Municipal de Ilh\u00e9us, Debate em Sess\u00e3o Especial- Regime Jur\u00eddico \u00danico dos Servidores <\/span><\/b><\/p>\n<\/td>\n<\/tr>\n<\/tbody>\n<\/table>\n<p><b><span style=\"font-family: Calibri;\">\u00a0<\/span><\/b><\/p>\n<p><span style=\"font-family: Calibri;\"><b>\u00a0\u00a0\u00a0 <\/b><b>\u00a0A C\u00e2mara Municipal de Ilh\u00e9us realizou, nesta segunda-feira( 27), mais uma sess\u00e3o especial, em\u00a0 cumprimento\u00a0 \u00e0\u00a0 agenda para este primeiro semestre. Essa sess\u00e3o atendeu \u00a0ao requerimento de n\u00famero 086\/2013 \u00a0do vereador Ivo Evangelista, onde \u00a0tratou de esclarecer a um bom n\u00famero de servidores presentes, de seus representantes sindicais como, tamb\u00e9m, de integrantes do governo, se o atual regime (Celetista) \u00a0mostra-se \u00a0inadequado \u00e0 \u00a0administra\u00e7\u00e3o p\u00fablica ou o Estatut\u00e1rio se ajusta melhor.<\/b><\/span><\/p>\n<p><b><span style=\"font-family: Calibri;\">\u00a0\u00a0\u00a0\u00a0\u00a0\u00a0 Para\u00a0 \u00e0 pr\u00f3xima quarta-feira (29 ), em atendimento ao requerimento de n\u00famero 069\/2013 de autoria do vereador James Costa (MD), a C\u00e2mara Municipal\u00a0 discutir\u00e1, \u00a0\u00a0\u00a0\u00e0s 16h, \u00a0quest\u00e3o da seguran\u00e7a p\u00fablica em nosso munic\u00edpio, apresenta\u00e7\u00e3o dos \u00edndices de viol\u00eancia atual \u00a0e as poss\u00edveis solu\u00e7\u00f5es para erradic\u00e1-la. Foram convidadas as seguintes entidades: Pol\u00edcia Militar, Pol\u00edcia Civil, Guarda Municipal, Conselho Municipal de Seguran\u00e7a e Associa\u00e7\u00f5es de Moradores.\u00a0\u00a0\u00a0\u00a0\u00a0\u00a0\u00a0\u00a0\u00a0\u00a0\u00a0\u00a0\u00a0\u00a0\u00a0\u00a0\u00a0\u00a0\u00a0\u00a0<wbr><\/wbr><br \/>\n<\/span><\/b><\/p>\n","protected":false},"excerpt":{"rendered":"<p>ASSESSORIA DE IMPRENSA \u00a0www.camaradeilheus.com.br N\u00ba 34 Ascom\/CMI Data: 27\/05\/2013 \u00a0 C\u00e2mara Municipal de Ilh\u00e9us, Debate em Sess\u00e3o Especial- Regime Jur\u00eddico \u00danico dos Servidores \u00a0 \u00a0\u00a0\u00a0 \u00a0A C\u00e2mara Municipal de Ilh\u00e9us realizou, nesta segunda-feira( 27), mais uma sess\u00e3o especial, em\u00a0 cumprimento\u00a0 \u00e0\u00a0 agenda para este primeiro semestre. Essa sess\u00e3o atendeu \u00a0ao requerimento de n\u00famero 086\/2013 \u00a0do [&hellip;]<\/p>\n","protected":false},"author":2,"featured_media":0,"comment_status":"open","ping_status":"open","sticky":false,"template":"","format":"standard","meta":{"_links_to":"","_links_to_target":""},"categories":[22],"tags":[],"_links":{"self":[{"href":"https:\/\/www.r2cpress.com.br\/v1\/wp-json\/wp\/v2\/posts\/66151"}],"collection":[{"href":"https:\/\/www.r2cpress.com.br\/v1\/wp-json\/wp\/v2\/posts"}],"about":[{"href":"https:\/\/www.r2cpress.com.br\/v1\/wp-json\/wp\/v2\/types\/post"}],"author":[{"embeddable":true,"href":"https:\/\/www.r2cpress.com.br\/v1\/wp-json\/wp\/v2\/users\/2"}],"replies":[{"embeddable":true,"href":"https:\/\/www.r2cpress.com.br\/v1\/wp-json\/wp\/v2\/comments?post=66151"}],"version-history":[{"count":3,"href":"https:\/\/www.r2cpress.com.br\/v1\/wp-json\/wp\/v2\/posts\/66151\/revisions"}],"predecessor-version":[{"id":66154,"href":"https:\/\/www.r2cpress.com.br\/v1\/wp-json\/wp\/v2\/posts\/66151\/revisions\/66154"}],"wp:attachment":[{"href":"https:\/\/www.r2cpress.com.br\/v1\/wp-json\/wp\/v2\/media?parent=66151"}],"wp:term":[{"taxonomy":"category","embeddable":true,"href":"https:\/\/www.r2cpress.com.br\/v1\/wp-json\/wp\/v2\/categories?post=66151"},{"taxonomy":"post_tag","embeddable":true,"href":"https:\/\/www.r2cpress.com.br\/v1\/wp-json\/wp\/v2\/tags?post=66151"}],"curies":[{"name":"wp","href":"https:\/\/api.w.org\/{rel}","templated":true}]}}