{"id":66155,"date":"2013-05-27T20:44:50","date_gmt":"2013-05-27T23:44:50","guid":{"rendered":"http:\/\/www.r2cpress.com.br\/v1\/?p=66155"},"modified":"2013-05-27T20:44:50","modified_gmt":"2013-05-27T23:44:50","slug":"cdl-de-ilheus-sorteou-primeiro-caminhao-de-premios-e-20-vales-gas","status":"publish","type":"post","link":"https:\/\/www.r2cpress.com.br\/v1\/2013\/05\/27\/cdl-de-ilheus-sorteou-primeiro-caminhao-de-premios-e-20-vales-gas\/","title":{"rendered":"CDL de Ilh\u00e9us sorteou primeiro caminh\u00e3o de pr\u00eamios e 20 vales-g\u00e1s"},"content":{"rendered":"<p>Durante toda a sexta-feira (24.05) o trio forrozeiro Firim Firim animou o com\u00e9rcio de Ilh\u00e9us, convidando lojistas, comerci\u00e1rios e consumidores a participarem do primeiro sorteio da Campanha Tr\u00edplice 2013. A Campanha tem como objetivo fomentar as vendas durante os dias das M\u00e3es, dos Namorados e S\u00e3o Jo\u00e3o. Os consumidores que compram nas lojas que aderiram \u00e0 Campanha ganham cupons e concorrem a v\u00e1rios pr\u00eamios. No total ser\u00e3o sorteados quatro caminh\u00f5es de pr\u00eamios e uma moto zero km, al\u00e9m de pr\u00eamios menores. \u201cEssa \u00e9 apenas uma das muitas formas que temos de atrair os consumidores para comprar no com\u00e9rcio de Ilh\u00e9us e, ao mesmo tempo, prestigi\u00e1-lo pela fidelidade sorteando pr\u00eamios\u201d, explicou Paulo Ganem, pres. da entidade.<\/p>\n<div id=\"attachment_66156\" style=\"width: 560px\" class=\"wp-caption alignright\"><a href=\"http:\/\/www.r2cpress.com.br\/v1\/wp-content\/uploads\/CAPA-R2CPRESS148.jpg\"><img aria-describedby=\"caption-attachment-66156\" loading=\"lazy\" class=\"size-full wp-image-66156\" alt=\"1\u00ba SORTEIO CDL\" src=\"http:\/\/www.r2cpress.com.br\/v1\/wp-content\/uploads\/CAPA-R2CPRESS148.jpg\" width=\"550\" height=\"489\" srcset=\"https:\/\/www.r2cpress.com.br\/v1\/wp-content\/uploads\/CAPA-R2CPRESS148.jpg 550w, https:\/\/www.r2cpress.com.br\/v1\/wp-content\/uploads\/CAPA-R2CPRESS148-300x266.jpg 300w\" sizes=\"(max-width: 550px) 100vw, 550px\" \/><\/a><p id=\"caption-attachment-66156\" class=\"wp-caption-text\">1\u00ba SORTEIO CDL<\/p><\/div>\n<p>O primeiro sorteio foi realizado na sexta-feira (24.05), no stand da Campanha, na Pra\u00e7a Cair\u00fa, no centro da cidade. Foram sorteados 20 vales-g\u00e1s e um caminh\u00e3o de pr\u00eamios. A a\u00e7\u00e3o reuniu empres\u00e1rios, consumidores, al\u00e9m do vice-prefeito e secret\u00e1rio de Ind\u00fastria e Com\u00e9rcio, Carlos Machado (Cac\u00e1). O maior pr\u00eamio da tarde-noite quem levou para casa foi a dona de casa, moradora do Bas\u00edlio, Jisneis Oliveira Marques. Ainda emocionada ela contou que comprou 1 sand\u00e1lia e 2 sapatilhas na loja Shopping 10 e com apenas um cupom, que jogou no dia anterior ao sorteio, faturou o pr\u00eamio. \u201cGl\u00f3ria a Deus, ele n\u00e3o nos desampara! O pr\u00eamio chegou em boa hora, eu nem acreditei quando me ligaram, mas depois confiei e vi que \u00e9 verdade. Estou muito feliz. Agradecida a Deus primeiramente, depois \u00e0 CDL de Ilh\u00e9us e a voc\u00eas todos\u201d, disse a ganhadora Jisnei.<\/p>\n<p>Todos comemoraram junto com a vencedora do caminh\u00e3o de pr\u00eamios. \u201cA gente ficou muito feliz porque o maior pr\u00eamio ficou com uma pessoa que disse precisar muito desses m\u00f3veis, eletr\u00f4nicos e eletrodom\u00e9sticos. Queremos agradecer a todos os patrocinadores, a todos os lojistas e aos consumidores e dizer que, aqueles que n\u00e3o participaram desse primeiro sorteio n\u00e3o esque\u00e7a que teremos mais tr\u00eas. O pr\u00f3ximo ser\u00e1 no dia 13 de junho, \u00e0s 16h.\u201d finalizou Ganem.<\/p>\n<p>Todo o sorteio foi transmitido ao vivo para o centro comercial por meio do sistema de som da Disc Tape. A locu\u00e7\u00e3o ficou por conta do radialista Robertinho Scarpita.<\/p>\n<p style=\"text-align: center;\"><b>Rela\u00e7\u00e3o dos 20 ganhadores dos vales-g\u00e1s:<\/b><\/p>\n<p style=\"text-align: center;\"><!--more--><\/p>\n<p style=\"text-align: center;\">Valdecy dos Santos \u2013 Canavieiras ( comprou na J. Silva Moraes e utilidades)<\/p>\n<p style=\"text-align: center;\">Maxim\u00ednio M. Correia \u2013 Av. Belmonte (CESUPI)<\/p>\n<p style=\"text-align: center;\">Alvaro Spinola \u2013 J\u00f3ia do Atl\u00e2ntico (Buriti Materiais para constru\u00e7\u00e3o)<\/p>\n<p style=\"text-align: center;\">Jur\u00e2mia Alves \u2013 Malhado (Lua Nova Confec\u00e7\u00f5es)<\/p>\n<p style=\"text-align: center;\">Marcone Garcia \u2013 Av. Belmonte (Sport Lazer)<\/p>\n<p style=\"text-align: center;\">Daiana dos Anjos \u2013 Conquista (C\u00e9o Modas)<\/p>\n<p style=\"text-align: center;\">Thain\u00e1 Oliveira Silva \u2013 Malhado (Silva Cal\u00e7ados)<\/p>\n<p style=\"text-align: center;\">Maur\u00edcio Neres dos Santos- Nelson Costa (Farm\u00e1cia Santa Helena)<\/p>\n<p style=\"text-align: center;\">\u00c2ngela Almeida- Ladeira da Vit\u00f3ria (Topada Cal\u00e7ados)<\/p>\n<p style=\"text-align: center;\">Italva de Oliveira \u2013 Ubat\u00e3 (Mundo das Bolsas)<\/p>\n<p style=\"text-align: center;\">Fabiane Simas Ferreira \u2013Ilh\u00e9us (KLL Decora\u00e7\u00f5es)<\/p>\n<p style=\"text-align: center;\">Rita Rocha \u2013 Sapetinga (Larupe Cal\u00e7ados)<\/p>\n<p style=\"text-align: center;\">Rose Souza \u2013 Centro (ASCOM-SP)<\/p>\n<p style=\"text-align: center;\">No\u00e9lia dos Santos \u2013 Alto da Bela Vista (ASCOM-SP)<\/p>\n<p style=\"text-align: center;\">Dilza Fernandes \u2013 Conquista (Crystal, J\u00f3ias e Acess\u00f3rios)<\/p>\n<p style=\"text-align: center;\">Kerejale Coelho Dias \u2013 Pontal (Gard\u00eania Confec\u00e7\u00f5es)<\/p>\n<p style=\"text-align: center;\">Jos\u00e9 Henrique Concei\u00e7\u00e3o \u2013 Centro (Armarinho Guimar\u00e3es)<\/p>\n<p style=\"text-align: center;\">Viviane Lenenfous \u2013 Pontal (DLD Com\u00e9rcio)<\/p>\n<p style=\"text-align: center;\">Juliana Menezes Argolo \u2013 Centro (Click Cosm\u00e9ticos)<\/p>\n<p style=\"text-align: center;\">Sidna Costa da Silva \u2013 Urbis (Buriti Materiais para constru\u00e7\u00e3o)<\/p>\n","protected":false},"excerpt":{"rendered":"<p>Durante toda a sexta-feira (24.05) o trio forrozeiro Firim Firim animou o com\u00e9rcio de Ilh\u00e9us, convidando lojistas, comerci\u00e1rios e consumidores a participarem do primeiro sorteio da Campanha Tr\u00edplice 2013. A Campanha tem como objetivo fomentar as vendas durante os dias das M\u00e3es, dos Namorados e S\u00e3o Jo\u00e3o. Os consumidores que compram nas lojas que aderiram [&hellip;]<\/p>\n","protected":false},"author":2,"featured_media":0,"comment_status":"open","ping_status":"open","sticky":false,"template":"","format":"standard","meta":{"_links_to":"","_links_to_target":""},"categories":[19],"tags":[],"_links":{"self":[{"href":"https:\/\/www.r2cpress.com.br\/v1\/wp-json\/wp\/v2\/posts\/66155"}],"collection":[{"href":"https:\/\/www.r2cpress.com.br\/v1\/wp-json\/wp\/v2\/posts"}],"about":[{"href":"https:\/\/www.r2cpress.com.br\/v1\/wp-json\/wp\/v2\/types\/post"}],"author":[{"embeddable":true,"href":"https:\/\/www.r2cpress.com.br\/v1\/wp-json\/wp\/v2\/users\/2"}],"replies":[{"embeddable":true,"href":"https:\/\/www.r2cpress.com.br\/v1\/wp-json\/wp\/v2\/comments?post=66155"}],"version-history":[{"count":3,"href":"https:\/\/www.r2cpress.com.br\/v1\/wp-json\/wp\/v2\/posts\/66155\/revisions"}],"predecessor-version":[{"id":66159,"href":"https:\/\/www.r2cpress.com.br\/v1\/wp-json\/wp\/v2\/posts\/66155\/revisions\/66159"}],"wp:attachment":[{"href":"https:\/\/www.r2cpress.com.br\/v1\/wp-json\/wp\/v2\/media?parent=66155"}],"wp:term":[{"taxonomy":"category","embeddable":true,"href":"https:\/\/www.r2cpress.com.br\/v1\/wp-json\/wp\/v2\/categories?post=66155"},{"taxonomy":"post_tag","embeddable":true,"href":"https:\/\/www.r2cpress.com.br\/v1\/wp-json\/wp\/v2\/tags?post=66155"}],"curies":[{"name":"wp","href":"https:\/\/api.w.org\/{rel}","templated":true}]}}