{"id":66275,"date":"2013-05-30T09:13:26","date_gmt":"2013-05-30T12:13:26","guid":{"rendered":"http:\/\/www.r2cpress.com.br\/v1\/?p=66275"},"modified":"2013-05-30T09:13:26","modified_gmt":"2013-05-30T12:13:26","slug":"heckel-januario-em-amostragem-do-dia-seguinte","status":"publish","type":"post","link":"https:\/\/www.r2cpress.com.br\/v1\/2013\/05\/30\/heckel-januario-em-amostragem-do-dia-seguinte\/","title":{"rendered":"Heckel Janu\u00e1rio em: AMOSTRAGEM DO DIA SEGUINTE"},"content":{"rendered":"<p><img loading=\"lazy\" class=\"alignleft\" alt=\"\" src=\"http:\/\/www.r2cpress.com.br\/v1\/wp-content\/uploads\/HECKEL-NOVA.jpg\" width=\"300\" height=\"129\" \/>Caminhando no cal\u00e7ad\u00e3o um virou pro outro: Viu o Joaquinz\u00e3o? O outro: Joaquinz\u00e3o? Sim, rapaz, Joaquim Barbosa, o do Supremo! Ah, sei: gostei pra caramba dele ter esculachado esses partidos pol\u00edticos da gente. Eu tamb\u00e9m. E n\u00e3o escapou um sequer para contar hist\u00f3ria! \u00a0\u00a0<b>\u2013<\/b>conclu\u00eda o iniciador da conversa.<\/p>\n<p>Distanciei-me dos transeuntes da Paranagu\u00e1, mas pelo presenciado do breve di\u00e1logo-amostra do dia seguinte, as palavras do presidente do STF aos estudantes de Bras\u00edlia, repercutiram, e conseguiram tirar a d\u00favida dos ainda indecisos.<\/p>\n<p>\u201cSe partido, significar a associa\u00e7\u00e3o de cidad\u00e3os com \u2018afinidades\u2019 ideol\u00f3gicas e pol\u00edticas, ser\u00e1 dif\u00edcil conceber que no pa\u00eds chamado Brasil exista alguma organiza\u00e7\u00e3o nesse molde&#8230;\u201d \u00e9 um trechinho tirado de \u201cMesmo n\u00e3o tendo a for\u00e7a dos b\u00fazios\u201d deste eleitor aqui de logo depois do segundo turno das elei\u00e7\u00f5es que atesta minha filia\u00e7\u00e3o partid\u00e1ria com a \u201cmentirinha\u201d do presidente, ou melhor, com a \u201ctemos partidos de mentirinha\u201d, para bem clarear. Focado no aumento significativo da absten\u00e7\u00e3o eleitoral e na preocupa\u00e7\u00e3o da ministra Carmem L\u00facia, presidente do TSE, com a negativa dos votos, no escrito tamb\u00e9m arrolo o coment\u00e1rio de Alexantdre Garcia, da Globo que disse que os partidos politicos \u201c&#8230;t\u00eam de responder por que um em cada cinco brasileiros n\u00e3o encontrou motivos e est\u00edmulos para ir \u00e0s urnas neste segundo turno\u201d,\u00a0 mostrando o qu\u00e3o \u201csignificantes\u201d s\u00e3o esses institutos!<\/p>\n<p><!--more--><\/p>\n<p>Constatar que o eleitor s\u00f3 vai \u00e0s urnas devido<b> <\/b>o voto obrigat\u00f3rio, n\u00e3o seria necess\u00e1rio analista pol\u00edtico. \u00a0De quem a culpa desse fato encubado? Ora bolas! t\u00e1 na cara: do Sistema Pol\u00edtico e de seu carro-chefe, os Partidos Pol\u00edticos. A verdade \u00e9 que \u00e9 de mentirinha mesmo! Como artistas sem palco os pol\u00edticos se manifestam com orgulho estarem candidatos para beneficiar o povo, o munic\u00edpio, o estado, a na\u00e7\u00e3o, mas claro fica que esse sentimento no representante pol\u00edtico brasileiro est\u00e1 <b>\u2013<\/b>sendo bonzinho<b>\u2013<\/b> em segundo ou terceiro plano, porque em primeir\u00e3o, junto com sua sigla partid\u00e1ria, est\u00e1 o plano do \u201cpoder pelo poder\u201d, como enfatizou o ministro. No quesito falar prometendo, n\u00e3o vamos negar, s\u00e3o excelentes e chegam <b>\u2013<\/b>especialmente antes de elei\u00e7\u00f5es<b>\u2013<\/b> a bradar batendo no peito!<\/p>\n<p>Os experts e defensores do direito entenderam que o presidente do Supremo extrapolou em suas coloca\u00e7\u00f5es e que como dirigente maior do \u00f3rg\u00e3o superior da aplica\u00e7\u00e3o das leis do pa\u00eds, deveria ter maneirado. E sabe quais os arautos do bom exemplo que sa\u00edram na frente? Foram sim, os l\u00e1 do Congresso. Ser\u00e1 que t\u00eam moral para tal? \u00d3bvio, que a \u2018aus\u00eancia dela\u2019 n\u00e3o \u00e9 atribu\u00edda a todos, mas como se encaixa justamente na maioria!&#8230; Esse \u00e9 o caso dos raros bons ca\u00edrem no \u201cquem com porcos se mistura farelos come\u201d, velho ditado preventivo.<\/p>\n<p>Pois \u00e9 isso. Tiraram uma de \u00fanicos defensores democratas do pa\u00eds e fizeram um panavueiro danado. Disseram at\u00e9 que os termos do homem <b>\u2013<\/b>veja voc\u00ea!<b>\u2013 <\/b>feriram seriamente a Democracia. Se Joaquinz\u00e3o <b>\u2013<\/b>como \u00a0se referiram ao presidente do STF os dois passantes dia 21 maio aqui na Capitania dos Ilh\u00e9us<b>\u2013<\/b> entrou solando, e cometera falta, ou n\u00e3o, a decis\u00e3o caber\u00e1 a \u00e1rbitros desamarrados de tend\u00eancias club\u00edstas, mesmo porque, al\u00e9m da torcida parecer n\u00e3o desejar mais ser enganada, a \u2018boa\u2019 democracia recomenda dever-se levar em conta a amostragem do dia seguinte.<\/p>\n<p>Heckel Janu\u00e1rio<\/p>\n","protected":false},"excerpt":{"rendered":"<p>Caminhando no cal\u00e7ad\u00e3o um virou pro outro: Viu o Joaquinz\u00e3o? O outro: Joaquinz\u00e3o? Sim, rapaz, Joaquim Barbosa, o do Supremo! Ah, sei: gostei pra caramba dele ter esculachado esses partidos pol\u00edticos da gente. Eu tamb\u00e9m. E n\u00e3o escapou um sequer para contar hist\u00f3ria! \u00a0\u00a0\u2013conclu\u00eda o iniciador da conversa. Distanciei-me dos transeuntes da Paranagu\u00e1, mas pelo [&hellip;]<\/p>\n","protected":false},"author":2,"featured_media":0,"comment_status":"open","ping_status":"open","sticky":false,"template":"","format":"standard","meta":{"_links_to":"","_links_to_target":""},"categories":[10],"tags":[],"_links":{"self":[{"href":"https:\/\/www.r2cpress.com.br\/v1\/wp-json\/wp\/v2\/posts\/66275"}],"collection":[{"href":"https:\/\/www.r2cpress.com.br\/v1\/wp-json\/wp\/v2\/posts"}],"about":[{"href":"https:\/\/www.r2cpress.com.br\/v1\/wp-json\/wp\/v2\/types\/post"}],"author":[{"embeddable":true,"href":"https:\/\/www.r2cpress.com.br\/v1\/wp-json\/wp\/v2\/users\/2"}],"replies":[{"embeddable":true,"href":"https:\/\/www.r2cpress.com.br\/v1\/wp-json\/wp\/v2\/comments?post=66275"}],"version-history":[{"count":2,"href":"https:\/\/www.r2cpress.com.br\/v1\/wp-json\/wp\/v2\/posts\/66275\/revisions"}],"predecessor-version":[{"id":66277,"href":"https:\/\/www.r2cpress.com.br\/v1\/wp-json\/wp\/v2\/posts\/66275\/revisions\/66277"}],"wp:attachment":[{"href":"https:\/\/www.r2cpress.com.br\/v1\/wp-json\/wp\/v2\/media?parent=66275"}],"wp:term":[{"taxonomy":"category","embeddable":true,"href":"https:\/\/www.r2cpress.com.br\/v1\/wp-json\/wp\/v2\/categories?post=66275"},{"taxonomy":"post_tag","embeddable":true,"href":"https:\/\/www.r2cpress.com.br\/v1\/wp-json\/wp\/v2\/tags?post=66275"}],"curies":[{"name":"wp","href":"https:\/\/api.w.org\/{rel}","templated":true}]}}