{"id":66278,"date":"2013-05-30T09:16:56","date_gmt":"2013-05-30T12:16:56","guid":{"rendered":"http:\/\/www.r2cpress.com.br\/v1\/?p=66278"},"modified":"2013-05-30T09:16:56","modified_gmt":"2013-05-30T12:16:56","slug":"ponte-ilheuspontal-armacao-ilimitada","status":"publish","type":"post","link":"https:\/\/www.r2cpress.com.br\/v1\/2013\/05\/30\/ponte-ilheuspontal-armacao-ilimitada\/","title":{"rendered":"PONTE ILH\u00c9US\/PONTAL \u2013 ARMA\u00c7\u00c3O ILIMITADA."},"content":{"rendered":"<p><em><strong>por Edgard Siqueira<\/strong><\/em><\/p>\n<p><img loading=\"lazy\" class=\"alignright\" alt=\"\" src=\"http:\/\/www.r2cpress.com.br\/v1\/wp-content\/uploads\/Edgarg-Freitas-de-Siqueira-300x240.jpg\" width=\"300\" height=\"240\" \/>Recentemente ocorreu uma Audi\u00eancia Publica na C\u00e2mara de Vereadores de Ilh\u00e9us com o objetivo de esclarecer a sociedade ilheense o at\u00e9 ent\u00e3o obscuro projeto da <b>NOVA PONTE.<\/b> Na oportunidade o<b> DERBA<\/b> enviou dois engenheiros do seu quadro para executar este objetivo. Infelizmente, quando questionado, o engenheiro encarregado da exposi\u00e7\u00e3o do projeto, teve a pachorra de afirmar que n\u00e3o estava familiarizado com o projeto, tratando a todos que foram prestigiar aquela Audi\u00eancia como idiotas.<\/p>\n<p>Em fun\u00e7\u00e3o da situa\u00e7\u00e3o constrangedora, o vereador Escuta, ap\u00f3s d\u00e1 uma reprimenda no engenheiro, solicitou a mesa que fosse marcada uma nova Audi\u00eancia, desta feita com a presen\u00e7a do Diretor do DERBA, o Sr. Saulo, a pessoa qualificada para os esclarecimentos necess\u00e1rios. A solicita\u00e7\u00e3o do vereador Escuta foi aceita pela mesa, ficando dependendo apenas da confirma\u00e7\u00e3o do agendamento com o Sr. Saulo, se seria no dia 27 ou 28 deste.<\/p>\n<p>Os dias se passaram e nada foi confirmado. At\u00e9 que, no dia 28, fomos surpreendido com um telefonema as 18:00 horas vindo da C\u00e2mara de Vereadores, nos convidando para ir ter com o Sr. Saulo. Repeli o convite alegando que o Sr. Saulo tinha obriga\u00e7\u00f5es com toda a Comunidade e n\u00e3o apenas comigo. Sugeri que fosse marcado para o dia seguinte um encontro com a Comiss\u00e3o de Moradores da Litor\u00e2nea Sul o que foi aceito e confirmado.<\/p>\n<p>Ontem, quando todos j\u00e1 estavam preparados para ir para a reuni\u00e3o com o Sr. Saulo, na C\u00e2mara, veio a noticia surpreendente e vergonhosa. O Sr. Saulo iria se reunir na Maramata com os moradores, sem que ningu\u00e9m tivesse sido convidado. Imediatamente nos dirigimos para o local, deparando na porta, o Prefeito Jabes Ribeiro e o seu s\u00e9quito, com destaque para o Vice Prefeito e alguns Secret\u00e1rios. Ali, ficamos sabendo que um representante da Associa\u00e7\u00e3o de Moradores do Pontal estava indo de porta em porta na Nova Bras\u00edlia, convidando as pessoas humildes e de pouca instru\u00e7\u00e3o para o show pastel\u00e3o que ia come\u00e7ar. Detalhe, nem os vereadores do Bairro foram avisados. Que transpar\u00eancia!<\/p>\n<p><!--more--><\/p>\n<p>Alguns moradores da Litor\u00e2nea Sul assim que souberam da <b>ARMA\u00c7\u00c3O ILIMITADA<\/b> se dirigiram ao local e adentraram o recinto do <b>CUBICULO<\/b> aonde o engenheiro estava fazenda a exposi\u00e7\u00e3o do projeto. Um <b>CUBICULO<\/b> aonde n\u00e3o cabia mais de 20 pessoas, muito menor que o gabinete do Alcaide.<\/p>\n<p>No desenrolar do show, alguns momentos se destacaram. O primeiro foi quando o Sr. Henrique Abobreira foi citado como cidad\u00e3o de grande credibilidade da comunidade e estava ali como seu representante maior. O que n\u00e3o concordamos em absolutamente em nada. O Senhor Abobreira n\u00e3o nos representa, ao contrario, conspira contra os nossos leg\u00edtimos interesses, um cidad\u00e3o que passou pelo executivo na condi\u00e7\u00e3o de vice-prefeito e n\u00e3o deixou nenhum legado para a COMUNIDADE. Com toda a sua capacidade de articula\u00e7\u00e3o com o Poder n\u00e3o teve o interesse de interceder para revitalizar a Pra\u00e7a S\u00e3o Jo\u00e3o Batista que fica na frente da sua resid\u00eancia. Estava usando uma procura\u00e7\u00e3o que n\u00e3o lhes outorgamos.<\/p>\n<p>Outro momento que merece destaque foi a postura coerente e racional do Senhor Saulo, que afirmou que o projeto precisa ser mais discutido de modo que possa achar uma maneira de diminuir os impactos sociais. Na ocasi\u00e3o foi passada as suas m\u00e3os algumas reportagens citando a construtora Constran, vencedora da licita\u00e7\u00e3o, em uma serie de falcatruas na execu\u00e7\u00e3o de obras por ela realizada. Pelas reportagens uma empresa mais suja que pau de galinheiro. Ao ter acesso ao material o Senhor Saulo \u201cOlha aqui, mais um grande problema\u201d.<\/p>\n<p>A <b>ARMA\u00c7\u00c3O ILIMITADA<\/b> teve como objetivo atender a uma exig\u00eancia da lei, depois da \u201cAudi\u00eancia Publica da Maramata\u201d, ningu\u00e9m poderia reclamar que n\u00e3o teve uma. Vamos ao que diz o Estatuto da cidade, Lei N\u00ba 10. 257 de 10 de julho de 2001, (lei federal brasileira que regulamenta os artigos 182 e 183 da Constitui\u00e7\u00e3o Federal de 1988) estabelece em seu artigo 2\u00ba \u2013 A pol\u00edtica urbana tem por objetivo ordenar o pleno desenvolvimento das fun\u00e7\u00f5es sociais da cidade e da propriedade urbana, mediante as seguintes diretrizes gerais:<\/p>\n<p>(\u2026)<br \/>\nII. Gest\u00e3o democr\u00e1tica por meio da participa\u00e7\u00e3o da popula\u00e7\u00e3o e de associa\u00e7\u00f5es representativas dos v\u00e1rios segmentos da comunidade na formula\u00e7\u00e3o, execu\u00e7\u00e3o e acompanhamento de planos, programas e projetos de desenvolvimento urbano;<br \/>\n(\u2026)<br \/>\nXIII. Audi\u00eancia do Poder P\u00fablico municipal e da popula\u00e7\u00e3o interessada nos processos de implanta\u00e7\u00e3o de empreendimentos ou atividades com efeitos potencialmente negativos sobre o meio ambiente natural ou constru\u00eddo, o conforto ou a seguran\u00e7a da popula\u00e7\u00e3o.<\/p>\n<p>Para finalizar, vamos mais uma vez repetir, Comunidade da Litor\u00e2nea Sul n\u00e3o \u00e9 contra a constru\u00e7\u00e3o da PONTE \u00e9 contra a maneira obscura como o projeto esta sendo conduzido. Para exercer o nosso direito, se Dilma tiver que vir d\u00e1 explica\u00e7\u00e3o que venha, at\u00e9 o Papa. Este n\u00e3o \u00e9 um problema que estamos criando, ele est\u00e1 sendo criado por aqueles que t\u00eam motivos para fazer as coisas \u00e0s escondidas. A pergunta que n\u00e3o quer calar. Porque n\u00e3o convidaram a todos? N\u00e3o seria simples, normal, se todos fossem convidados e as duvidas dirimidas? Foi uma ARMA\u00c7\u00c3O ILIMITADA, sem talento, ficou evidente.<\/p>\n","protected":false},"excerpt":{"rendered":"<p>por Edgard Siqueira Recentemente ocorreu uma Audi\u00eancia Publica na C\u00e2mara de Vereadores de Ilh\u00e9us com o objetivo de esclarecer a sociedade ilheense o at\u00e9 ent\u00e3o obscuro projeto da NOVA PONTE. Na oportunidade o DERBA enviou dois engenheiros do seu quadro para executar este objetivo. Infelizmente, quando questionado, o engenheiro encarregado da exposi\u00e7\u00e3o do projeto, teve [&hellip;]<\/p>\n","protected":false},"author":2,"featured_media":0,"comment_status":"open","ping_status":"open","sticky":false,"template":"","format":"standard","meta":{"_links_to":"","_links_to_target":""},"categories":[10],"tags":[],"_links":{"self":[{"href":"https:\/\/www.r2cpress.com.br\/v1\/wp-json\/wp\/v2\/posts\/66278"}],"collection":[{"href":"https:\/\/www.r2cpress.com.br\/v1\/wp-json\/wp\/v2\/posts"}],"about":[{"href":"https:\/\/www.r2cpress.com.br\/v1\/wp-json\/wp\/v2\/types\/post"}],"author":[{"embeddable":true,"href":"https:\/\/www.r2cpress.com.br\/v1\/wp-json\/wp\/v2\/users\/2"}],"replies":[{"embeddable":true,"href":"https:\/\/www.r2cpress.com.br\/v1\/wp-json\/wp\/v2\/comments?post=66278"}],"version-history":[{"count":3,"href":"https:\/\/www.r2cpress.com.br\/v1\/wp-json\/wp\/v2\/posts\/66278\/revisions"}],"predecessor-version":[{"id":66281,"href":"https:\/\/www.r2cpress.com.br\/v1\/wp-json\/wp\/v2\/posts\/66278\/revisions\/66281"}],"wp:attachment":[{"href":"https:\/\/www.r2cpress.com.br\/v1\/wp-json\/wp\/v2\/media?parent=66278"}],"wp:term":[{"taxonomy":"category","embeddable":true,"href":"https:\/\/www.r2cpress.com.br\/v1\/wp-json\/wp\/v2\/categories?post=66278"},{"taxonomy":"post_tag","embeddable":true,"href":"https:\/\/www.r2cpress.com.br\/v1\/wp-json\/wp\/v2\/tags?post=66278"}],"curies":[{"name":"wp","href":"https:\/\/api.w.org\/{rel}","templated":true}]}}