{"id":66282,"date":"2013-05-30T09:25:48","date_gmt":"2013-05-30T12:25:48","guid":{"rendered":"http:\/\/www.r2cpress.com.br\/v1\/?p=66282"},"modified":"2013-05-30T09:25:48","modified_gmt":"2013-05-30T12:25:48","slug":"policia-militar-da-bahia-3","status":"publish","type":"post","link":"https:\/\/www.r2cpress.com.br\/v1\/2013\/05\/30\/policia-militar-da-bahia-3\/","title":{"rendered":"POL\u00cdCIA MILITAR DA BAHIA"},"content":{"rendered":"<p><strong> POL\u00cdCIA MILITAR DA BAHIA<br \/>\nCOMANDO DE POLICIAMENTO REGIONAL SUL<br \/>\n68\u00aa COMPANHIA DE POL\u00cdCIA MILITAR<\/strong><\/p>\n<p><strong>68\u00aa CIPM PRENDE DUPLA DE ASSALTANTES DE \u00d3TICAS E RECUPERA PRODUTOS ROUBADOS<\/strong><\/p>\n<p><strong>ROUBO<\/strong><br \/>\n\tPor volta das 16h00min, do dia 28\/05\/2013, a guarni\u00e7\u00e3o da vtr  6801, conduziu da Rua da Linha, na Barra para 7\u00aa COORPIN, JARDEL DOS REIS DIAS, maior de idade e IN\u00c1CIO ROSA DUARTE NETO, 20 anos, ambos residentes no bairro Mandacaru em Jequi\u00e9-BA, pelo fato dos mesmos terem assaltado as \u00f3ticas: Centro \u00d3tico de Ilh\u00e9us e \u00d3tica Boa Vis\u00e3o, localizadas no Centro e Malhado, respectivamente. Com os acusados foram recuperados: 01 celular Alcatel, 01 celular LG; 01celular SAMSUNG; 01 celular MOTOROLA; 01 cheque do banco Ita\u00fa, R$102,85; treze \u00f3culos. Tamb\u00e9m fora apreendida em poder dos acusados, uma motocicleta POP 100, cor vermelha, placa policial NTQ1957. Os acusados e todo o material apreendido foram apresentados na DP, ao Delegado plantonista, onde foram autuados em flagrante por roubo.  <\/p>\n<div id=\"attachment_66283\" style=\"width: 514px\" class=\"wp-caption aligncenter\"><a href=\"http:\/\/www.r2cpress.com.br\/v1\/wp-content\/uploads\/presos-\u00f3ticas-MONT.jpg\"><img aria-describedby=\"caption-attachment-66283\" loading=\"lazy\" src=\"http:\/\/www.r2cpress.com.br\/v1\/wp-content\/uploads\/presos-\u00f3ticas-MONT.jpg\" alt=\"68\u00aa cipm\" width=\"504\" height=\"504\" class=\"size-full wp-image-66283\" srcset=\"https:\/\/www.r2cpress.com.br\/v1\/wp-content\/uploads\/presos-\u00f3ticas-MONT.jpg 504w, https:\/\/www.r2cpress.com.br\/v1\/wp-content\/uploads\/presos-\u00f3ticas-MONT-150x150.jpg 150w, https:\/\/www.r2cpress.com.br\/v1\/wp-content\/uploads\/presos-\u00f3ticas-MONT-300x300.jpg 300w\" sizes=\"(max-width: 504px) 100vw, 504px\" \/><\/a><p id=\"caption-attachment-66283\" class=\"wp-caption-text\">68\u00aa cipm<\/p><\/div>\n","protected":false},"excerpt":{"rendered":"<p>POL\u00cdCIA MILITAR DA BAHIA COMANDO DE POLICIAMENTO REGIONAL SUL 68\u00aa COMPANHIA DE POL\u00cdCIA MILITAR 68\u00aa CIPM PRENDE DUPLA DE ASSALTANTES DE \u00d3TICAS E RECUPERA PRODUTOS ROUBADOS ROUBO Por volta das 16h00min, do dia 28\/05\/2013, a guarni\u00e7\u00e3o da vtr 6801, conduziu da Rua da Linha, na Barra para 7\u00aa COORPIN, JARDEL DOS REIS DIAS, maior de [&hellip;]<\/p>\n","protected":false},"author":2,"featured_media":0,"comment_status":"open","ping_status":"open","sticky":false,"template":"","format":"standard","meta":{"_links_to":"","_links_to_target":""},"categories":[25],"tags":[],"_links":{"self":[{"href":"https:\/\/www.r2cpress.com.br\/v1\/wp-json\/wp\/v2\/posts\/66282"}],"collection":[{"href":"https:\/\/www.r2cpress.com.br\/v1\/wp-json\/wp\/v2\/posts"}],"about":[{"href":"https:\/\/www.r2cpress.com.br\/v1\/wp-json\/wp\/v2\/types\/post"}],"author":[{"embeddable":true,"href":"https:\/\/www.r2cpress.com.br\/v1\/wp-json\/wp\/v2\/users\/2"}],"replies":[{"embeddable":true,"href":"https:\/\/www.r2cpress.com.br\/v1\/wp-json\/wp\/v2\/comments?post=66282"}],"version-history":[{"count":2,"href":"https:\/\/www.r2cpress.com.br\/v1\/wp-json\/wp\/v2\/posts\/66282\/revisions"}],"predecessor-version":[{"id":66285,"href":"https:\/\/www.r2cpress.com.br\/v1\/wp-json\/wp\/v2\/posts\/66282\/revisions\/66285"}],"wp:attachment":[{"href":"https:\/\/www.r2cpress.com.br\/v1\/wp-json\/wp\/v2\/media?parent=66282"}],"wp:term":[{"taxonomy":"category","embeddable":true,"href":"https:\/\/www.r2cpress.com.br\/v1\/wp-json\/wp\/v2\/categories?post=66282"},{"taxonomy":"post_tag","embeddable":true,"href":"https:\/\/www.r2cpress.com.br\/v1\/wp-json\/wp\/v2\/tags?post=66282"}],"curies":[{"name":"wp","href":"https:\/\/api.w.org\/{rel}","templated":true}]}}