{"id":66290,"date":"2013-05-30T12:00:08","date_gmt":"2013-05-30T15:00:08","guid":{"rendered":"http:\/\/www.r2cpress.com.br\/v1\/?p=66290"},"modified":"2013-05-30T12:00:08","modified_gmt":"2013-05-30T15:00:08","slug":"ao-veneravel-mestre-de-minha-loja","status":"publish","type":"post","link":"https:\/\/www.r2cpress.com.br\/v1\/2013\/05\/30\/ao-veneravel-mestre-de-minha-loja\/","title":{"rendered":"AO VENER\u00c1VEL MESTRE DE \u201cMINHA LOJA\u201d"},"content":{"rendered":"<p><div style=\"width: 210px\" class=\"wp-caption alignleft\"><img loading=\"lazy\" src=\"http:\/\/www.r2cpress.com.br\/v1\/wp-content\/uploads\/Leonardo-Garcia-Diniz.jpg\" width=\"200\" height=\"242\" class \/><p class=\"wp-caption-text\">Leonardo Garcia Diniz<\/p><\/div>Meu \u201cVener\u00e1vel Mestre\u201d Geraldo Sampaio,<\/p>\n<p>Escrevo-lhe com intuito de parabeniza-lo por estar, mais uma vez, \u201celeito\u201d, assim sendo, destinado a sentar-se no \u201cTrono de Salom\u00e3o\u201d de onde com sabedoria, toler\u00e2ncia, criatividade e, como gosta de frisar, \u201cPAZ\u201d,  possa conduzir os trabalhos da Aug.\u2019. e Resp.\u2019. Loj.\u2019. Ma\u00e7.\u2019. Vigil\u00e2ncia e Resist\u00eancia N\u00b0 70 \u2013 Ilh\u00e9us (BA).<\/p>\n<p>De tal modo, como voc\u00ea, \u201ceu\u201d, n\u00e3o tenho vergonha de ser \u201cMA\u00c7OM\u201d; deixo-me, igual, ser reconhecido pela sociedade em que vivo e por todos os meus outros IIr.\u2019. desse mund\u00e3o de meu \u201cDEUS\u201d.<\/p>\n<p>Admiro seu gradativo e grandioso \u201ctrabalho\u201d no sentido de unir as demais LLoj.\u2019. e os IIR.\u2019. de nossa cidade e regi\u00e3o, fomentando assim uma mais perfeita pr\u00e1tica da \u201cARTE REAL\u201d e a sua devida inteira\u00e7\u00e3o com a sociedade local; inteira\u00e7\u00e3o, creio nisso e me ombreio a este seu admir\u00e1vel compromisso.<\/p>\n<p>Espero que (continue sempre), acudindo e escutando aos que a ti recorrerem, que una todos os IIR.\u2019 de sua Loja, que consiga resgatar os que se afastaram,  que incentive mais a participa\u00e7\u00e3o das cunhadas e sobrinhas, que permita que a sociedade nos enxergue, que aceite sejamos n\u00f3s todos ca\u00e7adores de homens de bem e bons costumes, que jamais esta sua expressiva generosidade com os doentes e necessitados se finde. Respeitando a todos de igual forma, do aprendiz ao mais elevado Mestre.<\/p>\n<p>Assim, com tantos desejos, parecendo querer transforma-lo num ser perfeito, parabenizo-o por ter aceitado mais este desafio em sua vida e que G.\u2019.A.\u2019.D.\u2019.U.\u2019. o possa alimentar com a verdadeira \u201csabedoria\u201d.<\/p>\n<p>PARAB\u00c9NS \u00c0 VOC\u00ca E A TODA A SUA DIRETORIA!<\/p>\n<p>Leonardo Garcia Diniz \u2013 Apr.\u2019. M.\u2019.<\/p>\n<p>Aug.\u2019. e Resp.\u2019. Loj.\u2019. Ma\u00e7.\u2019. Vigil\u00e2ncia e Resist\u00eancia N\u00b0 70 \u2013 Ilh\u00e9us (BA)<\/p>\n","protected":false},"excerpt":{"rendered":"<p>Meu \u201cVener\u00e1vel Mestre\u201d Geraldo Sampaio, Escrevo-lhe com intuito de parabeniza-lo por estar, mais uma vez, \u201celeito\u201d, assim sendo, destinado a sentar-se no \u201cTrono de Salom\u00e3o\u201d de onde com sabedoria, toler\u00e2ncia, criatividade e, como gosta de frisar, \u201cPAZ\u201d, possa conduzir os trabalhos da Aug.\u2019. e Resp.\u2019. Loj.\u2019. Ma\u00e7.\u2019. Vigil\u00e2ncia e Resist\u00eancia N\u00b0 70 \u2013 Ilh\u00e9us (BA). [&hellip;]<\/p>\n","protected":false},"author":2,"featured_media":0,"comment_status":"open","ping_status":"open","sticky":false,"template":"","format":"standard","meta":{"_links_to":"","_links_to_target":""},"categories":[34],"tags":[],"_links":{"self":[{"href":"https:\/\/www.r2cpress.com.br\/v1\/wp-json\/wp\/v2\/posts\/66290"}],"collection":[{"href":"https:\/\/www.r2cpress.com.br\/v1\/wp-json\/wp\/v2\/posts"}],"about":[{"href":"https:\/\/www.r2cpress.com.br\/v1\/wp-json\/wp\/v2\/types\/post"}],"author":[{"embeddable":true,"href":"https:\/\/www.r2cpress.com.br\/v1\/wp-json\/wp\/v2\/users\/2"}],"replies":[{"embeddable":true,"href":"https:\/\/www.r2cpress.com.br\/v1\/wp-json\/wp\/v2\/comments?post=66290"}],"version-history":[{"count":3,"href":"https:\/\/www.r2cpress.com.br\/v1\/wp-json\/wp\/v2\/posts\/66290\/revisions"}],"predecessor-version":[{"id":66293,"href":"https:\/\/www.r2cpress.com.br\/v1\/wp-json\/wp\/v2\/posts\/66290\/revisions\/66293"}],"wp:attachment":[{"href":"https:\/\/www.r2cpress.com.br\/v1\/wp-json\/wp\/v2\/media?parent=66290"}],"wp:term":[{"taxonomy":"category","embeddable":true,"href":"https:\/\/www.r2cpress.com.br\/v1\/wp-json\/wp\/v2\/categories?post=66290"},{"taxonomy":"post_tag","embeddable":true,"href":"https:\/\/www.r2cpress.com.br\/v1\/wp-json\/wp\/v2\/tags?post=66290"}],"curies":[{"name":"wp","href":"https:\/\/api.w.org\/{rel}","templated":true}]}}