{"id":66295,"date":"2013-05-30T20:33:56","date_gmt":"2013-05-30T23:33:56","guid":{"rendered":"http:\/\/www.r2cpress.com.br\/v1\/?p=66295"},"modified":"2013-05-30T20:33:56","modified_gmt":"2013-05-30T23:33:56","slug":"projeto-de-lei-de-implantacao-do-conselho-antidrogas-sera-objeto-do-vereador-cosme-araujo","status":"publish","type":"post","link":"https:\/\/www.r2cpress.com.br\/v1\/2013\/05\/30\/projeto-de-lei-de-implantacao-do-conselho-antidrogas-sera-objeto-do-vereador-cosme-araujo\/","title":{"rendered":"Projeto de Lei de implanta\u00e7\u00e3o do Conselho Antidrogas ser\u00e1 objeto do Vereador Cosme Ara\u00fajo."},"content":{"rendered":"<p><img loading=\"lazy\" class=\"alignleft\" alt=\"\" src=\"http:\/\/www.r2cpress.com.br\/v1\/wp-content\/uploads\/Vereador-ilheense-Cosme-Ara%C3%BAjo-PDT..png\" width=\"226\" height=\"149\" \/>Diante do alarme e da alta destrui\u00e7\u00e3o que vem ocasionando as drogas em muitas fam\u00edlias ilheenses, o Vereador Cosme Ara\u00fajo, sugere ao executivo, via Projeto de Lei com todas as suas disposi\u00e7\u00f5es, implanta\u00e7\u00e3o do Conselho Municipal Antidrogas, em face do consumo assustador de drogas il\u00edcitas pelos jovens e adolescentes.<\/p>\n<p>\u201cNosso munic\u00edpio n\u00e3o pode se manter a margem da real situa\u00e7\u00e3o. Deve integra-se na a\u00e7\u00e3o conjunta e articulada de todos os \u00f3rg\u00e3os estaduais e federais que comp\u00f5em o Sistema Nacional Antidrogas. Como seres humanos e parlamentares, temos a obriga\u00e7\u00e3o de dar a nossa contribui\u00e7\u00e3o \u00e0 Causa\u201d, pontua Ara\u00fajo.<\/p>\n<p>O PL que ser\u00e1 apresentado nos pr\u00f3ximos dias visa organizar os esfor\u00e7os e iniciativas de todos no engajamento e colabora\u00e7\u00e3o, por meio do desenvolvimento das a\u00e7\u00f5es referentes \u00e0 preven\u00e7\u00e3o do uso indevido de drogas, bem como daquelas relacionadas com o tratamento, recupera\u00e7\u00e3o e principalmente, inser\u00e7\u00e3o social de indiv\u00edduos que apresentem transtornos decorrentes.<\/p>\n<p><b>S\u00e3o drogas il\u00edcitas:<\/b> maconha, coca\u00edna, crack, ecstasy, LSD, inalantes, hero\u00edna e outras. Por serem proibidas, as drogas il\u00edcitas entram no pa\u00eds de forma ilegal atrav\u00e9s do tr\u00e1fico que promove a comercializa\u00e7\u00e3o negra, ou seja, a comercializa\u00e7\u00e3o feita sem a autoriza\u00e7\u00e3o das autoridades. Dentre as consequ\u00eancias que as drogas il\u00edcitas trazem pode-se dar \u00eanfase \u00e0 viol\u00eancia gerada por elas em todas as fases de produ\u00e7\u00e3o at\u00e9 o consumidor final. As demais consequ\u00eancias s\u00e3o: arritmia card\u00edaca, trombose, AVC, necrose cerebral, insufici\u00eancia renal e card\u00edaca, depress\u00e3o, disforia, altera\u00e7\u00f5es nas fun\u00e7\u00f5es motoras, perda de mem\u00f3ria, disfun\u00e7\u00f5es no sistema reprodutor e respirat\u00f3rio, c\u00e2ncer, espinhas, convuls\u00f5es, desidrata\u00e7\u00e3o, n\u00e1useas e exaust\u00e3o. Al\u00e9m de todo o preju\u00edzo \u00e0 sa\u00fade, as drogas vem destruindo fam\u00edlias.<\/p>\n<p>&#8212;<\/p>\n<p>AI\/V.<\/p>\n","protected":false},"excerpt":{"rendered":"<p>Diante do alarme e da alta destrui\u00e7\u00e3o que vem ocasionando as drogas em muitas fam\u00edlias ilheenses, o Vereador Cosme Ara\u00fajo, sugere ao executivo, via Projeto de Lei com todas as suas disposi\u00e7\u00f5es, implanta\u00e7\u00e3o do Conselho Municipal Antidrogas, em face do consumo assustador de drogas il\u00edcitas pelos jovens e adolescentes. \u201cNosso munic\u00edpio n\u00e3o pode se manter [&hellip;]<\/p>\n","protected":false},"author":2,"featured_media":0,"comment_status":"open","ping_status":"open","sticky":false,"template":"","format":"standard","meta":{"_links_to":"","_links_to_target":""},"categories":[22],"tags":[],"_links":{"self":[{"href":"https:\/\/www.r2cpress.com.br\/v1\/wp-json\/wp\/v2\/posts\/66295"}],"collection":[{"href":"https:\/\/www.r2cpress.com.br\/v1\/wp-json\/wp\/v2\/posts"}],"about":[{"href":"https:\/\/www.r2cpress.com.br\/v1\/wp-json\/wp\/v2\/types\/post"}],"author":[{"embeddable":true,"href":"https:\/\/www.r2cpress.com.br\/v1\/wp-json\/wp\/v2\/users\/2"}],"replies":[{"embeddable":true,"href":"https:\/\/www.r2cpress.com.br\/v1\/wp-json\/wp\/v2\/comments?post=66295"}],"version-history":[{"count":3,"href":"https:\/\/www.r2cpress.com.br\/v1\/wp-json\/wp\/v2\/posts\/66295\/revisions"}],"predecessor-version":[{"id":66298,"href":"https:\/\/www.r2cpress.com.br\/v1\/wp-json\/wp\/v2\/posts\/66295\/revisions\/66298"}],"wp:attachment":[{"href":"https:\/\/www.r2cpress.com.br\/v1\/wp-json\/wp\/v2\/media?parent=66295"}],"wp:term":[{"taxonomy":"category","embeddable":true,"href":"https:\/\/www.r2cpress.com.br\/v1\/wp-json\/wp\/v2\/categories?post=66295"},{"taxonomy":"post_tag","embeddable":true,"href":"https:\/\/www.r2cpress.com.br\/v1\/wp-json\/wp\/v2\/tags?post=66295"}],"curies":[{"name":"wp","href":"https:\/\/api.w.org\/{rel}","templated":true}]}}