{"id":66474,"date":"2013-06-03T10:47:48","date_gmt":"2013-06-03T13:47:48","guid":{"rendered":"http:\/\/www.r2cpress.com.br\/v1\/?p=66474"},"modified":"2013-06-03T10:47:48","modified_gmt":"2013-06-03T13:47:48","slug":"pontal-memorias","status":"publish","type":"post","link":"https:\/\/www.r2cpress.com.br\/v1\/2013\/06\/03\/pontal-memorias\/","title":{"rendered":"PONTAL \u2013 MEM\u00d3RIAS"},"content":{"rendered":"<p align=\"center\"><b>FESTAS TRADICIONAIS: SANTO ANTONIO, S\u00c3O JO\u00c3O, S\u00c3O PEDRO, S\u00c3O FRANCISCO E JUDAS.<\/b><\/p>\n<div id=\"attachment_66475\" style=\"width: 610px\" class=\"wp-caption aligncenter\"><a href=\"http:\/\/www.r2cpress.com.br\/v1\/wp-content\/uploads\/rezende-pontal-festas-01.jpg\"><img aria-describedby=\"caption-attachment-66475\" loading=\"lazy\" class=\"size-full wp-image-66475\" title=\"01\" alt=\"01\" src=\"http:\/\/www.r2cpress.com.br\/v1\/wp-content\/uploads\/rezende-pontal-festas-01.jpg\" width=\"600\" height=\"492\" srcset=\"https:\/\/www.r2cpress.com.br\/v1\/wp-content\/uploads\/rezende-pontal-festas-01.jpg 600w, https:\/\/www.r2cpress.com.br\/v1\/wp-content\/uploads\/rezende-pontal-festas-01-300x246.jpg 300w\" sizes=\"(max-width: 600px) 100vw, 600px\" \/><\/a><p id=\"caption-attachment-66475\" class=\"wp-caption-text\">01<\/p><\/div>\n<p style=\"text-align: center;\">\n<p><img loading=\"lazy\" class=\"alignleft\" alt=\"\" src=\"http:\/\/www.r2cpress.com.br\/v1\/wp-content\/uploads\/rezende-novo-email.jpg\" width=\"300\" height=\"102\" \/>Por um longo tempo, a festa de S\u00e3o Jo\u00e3o do Pontal ficou resumida a queima de algumas fogueiras e a festa do padroeiro, por diversos motivos: pavimenta\u00e7\u00e3o das ruas, morte dos moradores tradicionais desta festa, inseguran\u00e7a noturna, etc.<\/p>\n<p>J\u00e1 a partir de 2012, acendem-se luzes no fim do t\u00fanel, e o bairro do Pontal mesmo cambaleando d\u00e1 sinal de vida e vem tentando se reorganizar com suas festas tradicionais.<\/p>\n<p>Agora em 2013, mas precisamente no dia 15 de junho, com o noven\u00e1rio na Igreja Matriz, tendo a frente o nosso atuante padre Jarmil, dar-se o inicio as homenagens ao nosso Santo Festeiro, com o esp\u00edrito de f\u00e9 desta comunidade.<\/p>\n<p>Com isso, a festan\u00e7a vai tomar outro rumo e parece que as tradi\u00e7\u00f5es v\u00e3o voltar, e conta com apoio de v\u00e1rios segmentos e pessoas do bairro, que n\u00e3o medem esfor\u00e7os neste sentido. Destacamos os conterr\u00e2neos como: Henrique Abobreira, professor Cl\u00e9rio, Jorginho e a fam\u00edlia Carneb\u00f3.<\/p>\n<p>No sal\u00e3o de festas, Eventos Eleg\u00e2ncia, teremos o Forr\u00f3 do Seca Copos, com a participa\u00e7\u00e3o da Banda Cart\u00e3o Postal, logo ap\u00f3s o noven\u00e1rio, tentando resgatar de vez os grandes bailes e festas do antigo Clube do Pontal.<\/p>\n<p>E para relembrar aqueles tempos de outrora, resolvemos a pedido da comunidade, relatar o que est\u00e3o na nossa mem\u00f3ria, destes festejos do bairro do Pontal.<\/p>\n<p>Como se n\u00e3o bastasse ,se privilegiam de ter\u00a0\u00a0<b>S\u00c3O JO\u00c3O COMO PADROEIRO DO<\/b>\u00a0<b>BAIRRO<\/b>.Isso significa que a comunidade religiosa, tamb\u00e9m reza e ora ,atrav\u00e9s da f\u00e9 no nosso Santo Festeiro.Como marco do in\u00edcio\u00a0 do \u00a0\u00a0noven\u00e1rio, \u00a0dia 15,ap\u00f3s as celebra\u00e7\u00f5es na Igreja Matriz, a comunidade pontalense ,vai curtir o\u00a0<b>FORR\u00d3 DO SECACOPO<\/b>,com a Banda Cart\u00e3o Postal,\u00a0 no<b>Sal\u00e3o de Festas ELEG\u00c2NCIA EVENTOS<\/b>\u00a0,cujo espa\u00e7o ,substitui\u00a0 e resgata\u00a0 as grandes festas do\u00a0 antigo\u00a0\u00a0<b>Clube do Pontal<\/b>.<\/p>\n<p>S\u00c3O JO\u00c3O \u2013 Na d\u00e9cada de 50, at\u00e9 meados de 70, o S\u00e3o Jo\u00e3o no Pontal era uma verdadeira festa de \u201cS\u00e3o Jo\u00e3o na Ro\u00e7a\u201d. O Pontal favorecia para isso, pois aproximadamente 90% das ruas n\u00e3o eram pavimentadas, facilitando a queima da fogueira em quase todas as casas das ruas do bairro. Aqui se dan\u00e7ava o forr\u00f3 (arrasta p\u00e9) em v\u00e1rias casas que ficavam com suas portas abertas para quem quisesse dan\u00e7ar. Lembro-me dos forr\u00f3s nas casas de Dona Anardina, Sr. Milit\u00e3o e Sr. Miliano. N\u00e3o faltavam as comidas t\u00edpicas como: o amendoim assado ou cozido, milho assado na fogueira ou cozido, pamonha, mungunz\u00e1, canjica e diversos tipos de licores. T\u00ednhamos apresenta\u00e7\u00f5es de \u201cquadrilhas\u201d, e dentre elas a da Rua 13 de Maio, organizada por \u201cSeu Col\u00f3\u201d e a do Sr. Milit\u00e3o na Rua do Bonfim, hoje David Maia. Lembro-me tamb\u00e9m do tradicional \u201cpular a fogueira\u201d, no dia 24, onde os moradores se tornavam compadres e comadres, num juramento a S\u00e3o Jo\u00e3o. E n\u00e3o podia faltar a festa religiosa, em homenagem ao padroeiro do bairro, que terminava com uma prociss\u00e3o pelas principais ruas. Recordo-me de uma das cantigas religiosas, nas prociss\u00f5es: Ave, ave, ave Maria. Ave, ave, ave Maria. A 13 de maio na cova da \u00cdria, apareceu brilhando a Virgem Maria. Ave, ave, ave Maria&#8230; No c\u00e9u, no c\u00e9u com minha m\u00e3e estarei, na santa gl\u00f3ria um dia, com minha m\u00e3e estarei&#8230;<\/p>\n<p>&nbsp;<\/p>\n<div id=\"attachment_66476\" style=\"width: 610px\" class=\"wp-caption aligncenter\"><a href=\"http:\/\/www.r2cpress.com.br\/v1\/wp-content\/uploads\/rezende-pontal-festas-02.jpg\"><img aria-describedby=\"caption-attachment-66476\" loading=\"lazy\" class=\"size-full wp-image-66476\" alt=\"02\" src=\"http:\/\/www.r2cpress.com.br\/v1\/wp-content\/uploads\/rezende-pontal-festas-02.jpg\" width=\"600\" height=\"370\" srcset=\"https:\/\/www.r2cpress.com.br\/v1\/wp-content\/uploads\/rezende-pontal-festas-02.jpg 600w, https:\/\/www.r2cpress.com.br\/v1\/wp-content\/uploads\/rezende-pontal-festas-02-300x185.jpg 300w\" sizes=\"(max-width: 600px) 100vw, 600px\" \/><\/a><p id=\"caption-attachment-66476\" class=\"wp-caption-text\">02<\/p><\/div>\n<p>S\u00c3O PEDRO \u2013 Festa que se seguia logo ap\u00f3s o S\u00e3o Jo\u00e3o, nos dias 28 e 29 de junho. Havia tamb\u00e9m queima de fogueiras, s\u00f3 que desta vez por parte das vi\u00favas. A Col\u00f4nia de Pescadores organizava o tradicional \u201cbordejo\u201d, com suas embarca\u00e7\u00f5es, principalmente os saveiros, na ba\u00eda do Pontal, prestando suas homenagens ao santo protetor. Havia uma coisa muito interessante naquela \u00e9poca, enquanto o bordejo acontecia com imagem de S\u00e3o Pedro, outra prociss\u00e3o por terra, trazia S\u00e3o Francisco ao encontro da imagem e do mesmo modo no dia de S\u00e3o Francisco havia o bordejo e a imagem de S\u00e3o Pedro desta vez vinha por terra numa prociss\u00e3o ao encontro de imagens na praia. Hoje deixaram morrer esta tradi\u00e7\u00e3o.<\/p>\n<p>SANTO ANT\u00d4NIO \u2013 Era a festa que abria o t\u00e3o movimentado bairro do Pontal, nas noites de 1\u00ba a 13 de junho, com a tradicional trezena em homenagem ao santo. Lembro-me das trezenas nas resid\u00eancias de: Jorginho, \u201cVav\u00e1 de Ant\u00f4nio Vit\u00f3rio\u201d, \u201cDona Dulce do Posto M\u00e9dico\u201d e \u201cSeu Milit\u00e3o\u201d.<\/p>\n<p>Na porta dessas resid\u00eancias aglomeravam-se bastante jovens e adultos, para no final das trezenas se dirigirem ao \u201cp\u00e9 do santo\u201d e fazerem seus pedidos de namoro ou casamento, dando um n\u00f3 na fita que j\u00e1 ficava no altar para esta finalidade. As crian\u00e7as que nada entendiam ficavam na espera dos tradicionais mingaus de milho e tapioca ou mungunz\u00e1, que era servido a todos os presentes. Hoje esta tradi\u00e7\u00e3o tamb\u00e9m n\u00e3o existe mais. Para recordar a reza em homenagem ao santo: \u201cViva Santo Ant\u00f4nio, nosso advogado, no c\u00e9u e na terra, v\u00f3s sois festejado&#8230; Alegres cantamos, hoje com fervor, viva Santo Ant\u00f4nio, nosso protetor&#8230; Pedindo a Jesus, e a Maria tamb\u00e9m, que nos d\u00ea a gl\u00f3ria, para sempre am\u00e9m\u201d. E no \u00faltimo dia rezava-se: \u201cMilagroso Santo Ant\u00f4nio, neste m\u00eas t\u00e3o festejado, n\u00e3o h\u00e1 ningu\u00e9m nesse mundo, que por v\u00f3s n\u00e3o seja amado&#8230; Milagroso Santo Ant\u00f4nio, com pesar vai nos deixar, mas prometo oh! Santo Ant\u00f4nio, para o ano festejar!\u201d&#8230;<\/p>\n<p>JUDAS \u2013 Festa tradicional do bairro, a queima do Judas, que naquela \u00e9poca, existia um pelo menos, na maioria das ruas do Pontal, que n\u00e3o faltava al\u00e9m do foguet\u00f3rio, \u00e0s mensagens deixadas pelos Judas aos moradores da rua. A crian\u00e7ada fazia a festa e hoje rar\u00edssimos s\u00e3o os casos de queima de Judas e sem aquele brilhantismo da nossa \u00e9poca. \u00c9 por isso tudo que as lembran\u00e7as n\u00e3o se apagam.<\/p>\n<p>Jos\u00e9 Rezende Mendon\u00e7a \u2013 Pontalense desde 1951.<\/p>\n","protected":false},"excerpt":{"rendered":"<p>FESTAS TRADICIONAIS: SANTO ANTONIO, S\u00c3O JO\u00c3O, S\u00c3O PEDRO, S\u00c3O FRANCISCO E JUDAS. Por um longo tempo, a festa de S\u00e3o Jo\u00e3o do Pontal ficou resumida a queima de algumas fogueiras e a festa do padroeiro, por diversos motivos: pavimenta\u00e7\u00e3o das ruas, morte dos moradores tradicionais desta festa, inseguran\u00e7a noturna, etc. J\u00e1 a partir de 2012, [&hellip;]<\/p>\n","protected":false},"author":2,"featured_media":0,"comment_status":"open","ping_status":"open","sticky":false,"template":"","format":"standard","meta":{"_links_to":"","_links_to_target":""},"categories":[10],"tags":[],"_links":{"self":[{"href":"https:\/\/www.r2cpress.com.br\/v1\/wp-json\/wp\/v2\/posts\/66474"}],"collection":[{"href":"https:\/\/www.r2cpress.com.br\/v1\/wp-json\/wp\/v2\/posts"}],"about":[{"href":"https:\/\/www.r2cpress.com.br\/v1\/wp-json\/wp\/v2\/types\/post"}],"author":[{"embeddable":true,"href":"https:\/\/www.r2cpress.com.br\/v1\/wp-json\/wp\/v2\/users\/2"}],"replies":[{"embeddable":true,"href":"https:\/\/www.r2cpress.com.br\/v1\/wp-json\/wp\/v2\/comments?post=66474"}],"version-history":[{"count":4,"href":"https:\/\/www.r2cpress.com.br\/v1\/wp-json\/wp\/v2\/posts\/66474\/revisions"}],"predecessor-version":[{"id":66480,"href":"https:\/\/www.r2cpress.com.br\/v1\/wp-json\/wp\/v2\/posts\/66474\/revisions\/66480"}],"wp:attachment":[{"href":"https:\/\/www.r2cpress.com.br\/v1\/wp-json\/wp\/v2\/media?parent=66474"}],"wp:term":[{"taxonomy":"category","embeddable":true,"href":"https:\/\/www.r2cpress.com.br\/v1\/wp-json\/wp\/v2\/categories?post=66474"},{"taxonomy":"post_tag","embeddable":true,"href":"https:\/\/www.r2cpress.com.br\/v1\/wp-json\/wp\/v2\/tags?post=66474"}],"curies":[{"name":"wp","href":"https:\/\/api.w.org\/{rel}","templated":true}]}}