{"id":66481,"date":"2013-06-03T10:52:19","date_gmt":"2013-06-03T13:52:19","guid":{"rendered":"http:\/\/www.r2cpress.com.br\/v1\/?p=66481"},"modified":"2013-06-03T10:52:19","modified_gmt":"2013-06-03T13:52:19","slug":"ilheus-no-combate-a-dengue","status":"publish","type":"post","link":"https:\/\/www.r2cpress.com.br\/v1\/2013\/06\/03\/ilheus-no-combate-a-dengue\/","title":{"rendered":"Ilh\u00e9us no combate \u00e0 dengue"},"content":{"rendered":"<p>Esta semana, entre os dias 04 a 07\/06, Ilh\u00e9us intensificar\u00e1 as a\u00e7\u00f5es de preven\u00e7\u00e3o da dengue, dando continuidade ao Projeto de Mobiliza\u00e7\u00e3o Social para a Preven\u00e7\u00e3o e o Controle da Dengue no Estado da Bahia. O Projeto \u00e9 um esfor\u00e7o conjunto da Secretaria da Sa\u00fade de Ilh\u00e9us, Secretaria da Sa\u00fade do Estado da Bahia (SESAB) e Funda\u00e7\u00e3o Lu\u00eds Eduardo Magalh\u00e3es (FLEM), devido \u00e0 cidade ser considerada pelo Minist\u00e9rio da Sa\u00fade, como priorit\u00e1ria no Plano Nacional de Preven\u00e7\u00e3o e Controle da Dengue (PNCD).<\/p>\n<p>Na ter\u00e7a-feira (04\/06), t\u00e9cnicos da SESAB e da FLEM estar\u00e3o reunidos com os Coordenadores Municipais do Projeto para alinhamento das a\u00e7\u00f5es e, no turno da tarde acontecem reuni\u00f5es estrat\u00e9gicas com o Prefeito, Secret\u00e1rios e Gestores da Sa\u00fade. Na sequ\u00eancia, na quarta-feira, (05), no bairro Alto da Conquista, acontece uma caminhada contra a dengue envolvendo a equipae t\u00e9cnica, Articuladores do Projeto e comunidade. Na quinta-feira, (06), acontece o Semin\u00e1rio de Acompanhamento e Avalia\u00e7\u00e3o do Projeto, com os Articuladores e Parceiros municipais do Projeto e na sexta-feira (07), uma nova caminhada, agora na Avenida Central.<\/p>\n<p>Ap\u00f3s essa semana, as a\u00e7\u00f5es de preven\u00e7\u00e3o e controle da dengue continuam a acontecer por iniciativa do munic\u00edpio.<\/p>\n<p>Atualmente 23 munic\u00edpios s\u00e3o beneficiados por essa iniciativa: Alagoinhas, Cama\u00e7ari, Serrinha, Concei\u00e7\u00e3o de Coit\u00e9, Itaberaba, Jacobina, Lauro de Freitas, Paulo Afonso, Sim\u00f5es Filho, Valen\u00e7a, Vit\u00f3ria da Conquista, Bom Jesus da Lapa, Eun\u00e1polis, Feira de Santana, Guanambi, Ilh\u00e9us, Irec\u00ea, Itabuna, Jequi\u00e9, Porto Seguro, Salvador, Senhor do Bonfim e Teixeira de Freitas.<\/p>\n<p>&#8212;<br \/>\nMelyssa Neves<br \/>\nProjeto de Mobiliza\u00e7\u00e3o Social para a Preven\u00e7\u00e3o e o Controle da Dengue no Estado da Bahia<\/p>\n","protected":false},"excerpt":{"rendered":"<p>Esta semana, entre os dias 04 a 07\/06, Ilh\u00e9us intensificar\u00e1 as a\u00e7\u00f5es de preven\u00e7\u00e3o da dengue, dando continuidade ao Projeto de Mobiliza\u00e7\u00e3o Social para a Preven\u00e7\u00e3o e o Controle da Dengue no Estado da Bahia. O Projeto \u00e9 um esfor\u00e7o conjunto da Secretaria da Sa\u00fade de Ilh\u00e9us, Secretaria da Sa\u00fade do Estado da Bahia (SESAB) [&hellip;]<\/p>\n","protected":false},"author":2,"featured_media":0,"comment_status":"open","ping_status":"open","sticky":false,"template":"","format":"standard","meta":{"_links_to":"","_links_to_target":""},"categories":[29],"tags":[],"_links":{"self":[{"href":"https:\/\/www.r2cpress.com.br\/v1\/wp-json\/wp\/v2\/posts\/66481"}],"collection":[{"href":"https:\/\/www.r2cpress.com.br\/v1\/wp-json\/wp\/v2\/posts"}],"about":[{"href":"https:\/\/www.r2cpress.com.br\/v1\/wp-json\/wp\/v2\/types\/post"}],"author":[{"embeddable":true,"href":"https:\/\/www.r2cpress.com.br\/v1\/wp-json\/wp\/v2\/users\/2"}],"replies":[{"embeddable":true,"href":"https:\/\/www.r2cpress.com.br\/v1\/wp-json\/wp\/v2\/comments?post=66481"}],"version-history":[{"count":3,"href":"https:\/\/www.r2cpress.com.br\/v1\/wp-json\/wp\/v2\/posts\/66481\/revisions"}],"predecessor-version":[{"id":66484,"href":"https:\/\/www.r2cpress.com.br\/v1\/wp-json\/wp\/v2\/posts\/66481\/revisions\/66484"}],"wp:attachment":[{"href":"https:\/\/www.r2cpress.com.br\/v1\/wp-json\/wp\/v2\/media?parent=66481"}],"wp:term":[{"taxonomy":"category","embeddable":true,"href":"https:\/\/www.r2cpress.com.br\/v1\/wp-json\/wp\/v2\/categories?post=66481"},{"taxonomy":"post_tag","embeddable":true,"href":"https:\/\/www.r2cpress.com.br\/v1\/wp-json\/wp\/v2\/tags?post=66481"}],"curies":[{"name":"wp","href":"https:\/\/api.w.org\/{rel}","templated":true}]}}