{"id":66595,"date":"2013-06-05T09:54:46","date_gmt":"2013-06-05T12:54:46","guid":{"rendered":"http:\/\/www.r2cpress.com.br\/v1\/?p=66595"},"modified":"2013-06-05T09:54:46","modified_gmt":"2013-06-05T12:54:46","slug":"cancer-de-colo-uterino-consideracoes-no-contexto-da-prevencao-em-ilheus","status":"publish","type":"post","link":"https:\/\/www.r2cpress.com.br\/v1\/2013\/06\/05\/cancer-de-colo-uterino-consideracoes-no-contexto-da-prevencao-em-ilheus\/","title":{"rendered":"C\u00e2ncer de colo uterino: considera\u00e7\u00f5es no contexto da preven\u00e7\u00e3o em ILH\u00c9US"},"content":{"rendered":"<p><em><strong>por Carlos Lira*<\/strong><\/em><\/p>\n<div id=\"attachment_66596\" style=\"width: 130px\" class=\"wp-caption alignleft\"><a href=\"http:\/\/www.r2cpress.com.br\/v1\/wp-content\/uploads\/carlos-lira.jpg\"><img aria-describedby=\"caption-attachment-66596\" loading=\"lazy\" class=\"size-full wp-image-66596\" alt=\"Carlos Lira\" src=\"http:\/\/www.r2cpress.com.br\/v1\/wp-content\/uploads\/carlos-lira.jpg\" width=\"120\" height=\"157\" \/><\/a><p id=\"caption-attachment-66596\" class=\"wp-caption-text\">Carlos Lira<\/p><\/div>\n<p>O c\u00e2ncer de colo uterino \u00e9 a segunda causa em nosso pa\u00eds de morte em mulheres em decorr\u00eancia de tumores malignos, ficando atr\u00e1s apenas do c\u00e2ncer de mama.<\/p>\n<p>Por ano, esta modalidade de c\u00e2ncer \u00e9 respons\u00e1vel por 4800 v\u00edtimas fatais no Brasil e cerca de 18400 novos casos s\u00e3o catalogados ao ano, segundo dados do INCA(Instituto Nacional do C\u00e2ncer).<\/p>\n<p>A melhor arma para a redu\u00e7\u00e3o dessa estat\u00edstica \u00e9, reconhecidamente, a preven\u00e7\u00e3o. Tal pol\u00edtica, estabelecida e normatizada pelo Minist\u00e9rio da Sa\u00fade atrav\u00e9s de programas, normas e portarias, permite o acesso, mormente da popula\u00e7\u00e3o feminina carente, aos meios adequados de preven\u00e7\u00e3o atrav\u00e9s do exame de Papanicolaou, mais conhecido em nosso meio como <i>exame preventivo<\/i>.<\/p>\n<p>O exame preventivo \u00e9 um procedimento simples, indolor, de baixo custo, permitindo uma triagem adequada das pacientes que necessitar\u00e3o, em decorr\u00eancia de seus resultados, um encaminhamento a procedimentos subsequentes para esclarecimentos adicionais, ainda em uma rede de refer\u00eancia e contra-refer\u00eancia local e com custo baixo.<\/p>\n<p>Para se estabelecer medidas adequadas de preven\u00e7\u00e3o, mister se faz que a rede b\u00e1sica de assist\u00eancia \u00e0 popula\u00e7\u00e3o efetivamente esteja em funcionamento. \u00c9 desumano depararmo-nos com uma pl\u00eaiade de pacientes em busca de assist\u00eancia m\u00e9dica b\u00e1sica e ser-lhes vetado efetivamente o direito a uma simples preven\u00e7\u00e3o dessa modalidade de c\u00e2ncer.<\/p>\n<p>N\u00e3o h\u00e1 em Ilh\u00e9us atualmente pol\u00edtica p\u00fablica efetiva e concreta para propiciar \u00e0 popula\u00e7\u00e3o feminina o direito digno de prevenir-se com resolutividade da segunda causa em nosso pa\u00eds de morte de mulheres em decorr\u00eancia de tumores malignos: o c\u00e2ncer de colo uterino. Materiais simples e de baixo custo para realizar tais exames est\u00e3o ausentes nas unidades de atendimento. N\u00e3o se consegue realizar uma simples COLPOSCOPIA, est\u00e1gio seguinte para esclarecimentos de exames de Papanicolaou alterados e com a qual direcionam-se as bi\u00f3psias imprescind\u00edveis ao esclarecimento dos est\u00e1gios iniciais do c\u00e2ncer de colo.<\/p>\n<p>Sabe-se que as mulheres tratadas adequadamente t\u00eam quase 100% de cura. N\u00e3o podemos permitir que as les\u00f5es precursoras do c\u00e2ncer de colo uterino deixem de ser diagnosticadas e tratadas a contento pela falta de pol\u00edtica efetiva em nosso munic\u00edpio em prol da popula\u00e7\u00e3o feminina.<\/p>\n<p>H\u00e1 meses esse quadro desalentador tornou-se realidade na assist\u00eancia b\u00e1sica em nosso munic\u00edpio. Tenta-se justificar com o reiterado argumento de que os novos gestores encontraram o ambiente de \u201cterra arrasada\u201d.<\/p>\n<p>Perde a comunidade feminina o direito inalien\u00e1vel de acesso a medidas b\u00e1sicas e efetivas de preven\u00e7\u00e3o. Acomodam-se a sociedade, o poder p\u00fablico, o Minist\u00e9rio P\u00fablico, a C\u00e2mara de vereadores.<\/p>\n<p>Urgem a\u00e7\u00f5es concretas para extirpar esta in\u00e9rcia! Este \u00e9 apenas um excerto na mir\u00edade de programas de sa\u00fade p\u00fablica a que tem direito efetivo a popula\u00e7\u00e3o e que est\u00e3o negligenciados.<\/p>\n<p>Qui\u00e7\u00e1 sairemos do discurso para a pr\u00e1tica. A popula\u00e7\u00e3o feminina agradece!<\/p>\n<p>&#8212;<\/p>\n<p><strong>*M\u00e9dico Ginecologista &amp; Obstetra<\/strong><\/p>\n<p><strong>CREMEB: 5813<\/strong><\/p>\n","protected":false},"excerpt":{"rendered":"<p>por Carlos Lira* O c\u00e2ncer de colo uterino \u00e9 a segunda causa em nosso pa\u00eds de morte em mulheres em decorr\u00eancia de tumores malignos, ficando atr\u00e1s apenas do c\u00e2ncer de mama. Por ano, esta modalidade de c\u00e2ncer \u00e9 respons\u00e1vel por 4800 v\u00edtimas fatais no Brasil e cerca de 18400 novos casos s\u00e3o catalogados ao ano, [&hellip;]<\/p>\n","protected":false},"author":2,"featured_media":0,"comment_status":"open","ping_status":"open","sticky":false,"template":"","format":"standard","meta":{"_links_to":"","_links_to_target":""},"categories":[24],"tags":[],"_links":{"self":[{"href":"https:\/\/www.r2cpress.com.br\/v1\/wp-json\/wp\/v2\/posts\/66595"}],"collection":[{"href":"https:\/\/www.r2cpress.com.br\/v1\/wp-json\/wp\/v2\/posts"}],"about":[{"href":"https:\/\/www.r2cpress.com.br\/v1\/wp-json\/wp\/v2\/types\/post"}],"author":[{"embeddable":true,"href":"https:\/\/www.r2cpress.com.br\/v1\/wp-json\/wp\/v2\/users\/2"}],"replies":[{"embeddable":true,"href":"https:\/\/www.r2cpress.com.br\/v1\/wp-json\/wp\/v2\/comments?post=66595"}],"version-history":[{"count":3,"href":"https:\/\/www.r2cpress.com.br\/v1\/wp-json\/wp\/v2\/posts\/66595\/revisions"}],"predecessor-version":[{"id":66599,"href":"https:\/\/www.r2cpress.com.br\/v1\/wp-json\/wp\/v2\/posts\/66595\/revisions\/66599"}],"wp:attachment":[{"href":"https:\/\/www.r2cpress.com.br\/v1\/wp-json\/wp\/v2\/media?parent=66595"}],"wp:term":[{"taxonomy":"category","embeddable":true,"href":"https:\/\/www.r2cpress.com.br\/v1\/wp-json\/wp\/v2\/categories?post=66595"},{"taxonomy":"post_tag","embeddable":true,"href":"https:\/\/www.r2cpress.com.br\/v1\/wp-json\/wp\/v2\/tags?post=66595"}],"curies":[{"name":"wp","href":"https:\/\/api.w.org\/{rel}","templated":true}]}}