{"id":66601,"date":"2013-06-05T12:10:44","date_gmt":"2013-06-05T15:10:44","guid":{"rendered":"http:\/\/www.r2cpress.com.br\/v1\/?p=66601"},"modified":"2013-06-05T12:10:44","modified_gmt":"2013-06-05T15:10:44","slug":"sao-joao-dos-bairros-agita-barra-do-itaipe-neste-domingo-em-ilheus","status":"publish","type":"post","link":"https:\/\/www.r2cpress.com.br\/v1\/2013\/06\/05\/sao-joao-dos-bairros-agita-barra-do-itaipe-neste-domingo-em-ilheus\/","title":{"rendered":"S\u00e3o Jo\u00e3o dos Bairros agita Barra do Ita\u00edpe neste domingo, em Ilh\u00e9us"},"content":{"rendered":"<p>As bandas Q\u00b4Del\u00edcia do Forr\u00f3 e Capricho do Forr\u00f3 s\u00e3o algumas das atra\u00e7\u00f5es do Projeto S\u00e3o Jo\u00e3o dos Bairros 2013 no pr\u00f3ximo domingo, dia 9, a partir das 20 horas, na Barra do Ita\u00edpe, na zona norte da cidade. Tamb\u00e9m agitar\u00e3o a noite, os grupos de dan\u00e7a Conex\u00e3o, Inter Art, Space Dance e N\u00f3s Seremos Voc\u00ea Amanh\u00e3, al\u00e9m das quadrilhas juninas Dinossauro, Cia do Forr\u00f3, Vem que Tem e Fa\u00edsca de Fogo. O S\u00e3o Jo\u00e3o dos Bairros \u00e9 uma realiza\u00e7\u00e3o da TV Santa Cruz, em parceria com as prefeituras de Ilh\u00e9us e de Itabuna.<\/p>\n<p>Para o prefeito Jabes Ribeiro, o S\u00e3o Jo\u00e3o dos Bairros \u00e9 uma feliz iniciativa da TV Santa Cruz porque estimula os festejos juninos, \u201cuma das mais caras tradi\u00e7\u00f5es do povo baiano\u201d. O objetivo do projeto \u00e9 fortalecer as grandes festas populares e as tradi\u00e7\u00f5es folcl\u00f3ricas do Sul da Bahia, contribuindo para o enriquecimento do calend\u00e1rio tur\u00edstico-cultural.<\/p>\n<p>Oliven\u00e7a \u2013 No pr\u00f3ximo dia 16, acontecer\u00e1 o \u00faltimo evento do projeto, em Oliven\u00e7a. Em Ilh\u00e9us, a primeira festa ocorreu no dia 19\/05, na Pra\u00e7a S\u00e3o Jo\u00e3o Batista, no Pontal. O S\u00e3o Jo\u00e3o dos Bairros teve in\u00edcio no dia 12\/05, na Urbis IV, em Itabuna, que contou com mais dois eventos nos bairros da Concei\u00e7\u00e3o (26\/05) e de F\u00e1tima (09\/06).<\/p>\n<p>O S\u00e3o Jo\u00e3o dos Bairros conta com uma ampla infraestrutura, que inclui sanit\u00e1rios qu\u00edmicos, \u00e1rea de alimenta\u00e7\u00e3o, barracas para a venda de comidas e bebidas t\u00edpicas, ornamenta\u00e7\u00e3o e diversos outros acess\u00f3rios. O projeto, que no ano passado foi realizado nos bairros do Malhado, Teot\u00f4nio Vilela e Oliven\u00e7a (Ilh\u00e9us) e nos bairros da Calif\u00f3rnia, Sarinha e Ferradas (Itabuna), inclui diversas brincadeiras, al\u00e9m da realiza\u00e7\u00e3o do tradicional Concurso da Rainha do Milho.<\/p>\n<p>&#8212;<br \/>\nSecretaria de Comunica\u00e7\u00e3o Social (Secom)<br \/>\nIlh\u00e9us \u2013 05.06.2013<\/p>\n","protected":false},"excerpt":{"rendered":"<p>As bandas Q\u00b4Del\u00edcia do Forr\u00f3 e Capricho do Forr\u00f3 s\u00e3o algumas das atra\u00e7\u00f5es do Projeto S\u00e3o Jo\u00e3o dos Bairros 2013 no pr\u00f3ximo domingo, dia 9, a partir das 20 horas, na Barra do Ita\u00edpe, na zona norte da cidade. Tamb\u00e9m agitar\u00e3o a noite, os grupos de dan\u00e7a Conex\u00e3o, Inter Art, Space Dance e N\u00f3s Seremos [&hellip;]<\/p>\n","protected":false},"author":2,"featured_media":0,"comment_status":"open","ping_status":"open","sticky":false,"template":"","format":"standard","meta":{"_links_to":"","_links_to_target":""},"categories":[23],"tags":[],"_links":{"self":[{"href":"https:\/\/www.r2cpress.com.br\/v1\/wp-json\/wp\/v2\/posts\/66601"}],"collection":[{"href":"https:\/\/www.r2cpress.com.br\/v1\/wp-json\/wp\/v2\/posts"}],"about":[{"href":"https:\/\/www.r2cpress.com.br\/v1\/wp-json\/wp\/v2\/types\/post"}],"author":[{"embeddable":true,"href":"https:\/\/www.r2cpress.com.br\/v1\/wp-json\/wp\/v2\/users\/2"}],"replies":[{"embeddable":true,"href":"https:\/\/www.r2cpress.com.br\/v1\/wp-json\/wp\/v2\/comments?post=66601"}],"version-history":[{"count":2,"href":"https:\/\/www.r2cpress.com.br\/v1\/wp-json\/wp\/v2\/posts\/66601\/revisions"}],"predecessor-version":[{"id":66603,"href":"https:\/\/www.r2cpress.com.br\/v1\/wp-json\/wp\/v2\/posts\/66601\/revisions\/66603"}],"wp:attachment":[{"href":"https:\/\/www.r2cpress.com.br\/v1\/wp-json\/wp\/v2\/media?parent=66601"}],"wp:term":[{"taxonomy":"category","embeddable":true,"href":"https:\/\/www.r2cpress.com.br\/v1\/wp-json\/wp\/v2\/categories?post=66601"},{"taxonomy":"post_tag","embeddable":true,"href":"https:\/\/www.r2cpress.com.br\/v1\/wp-json\/wp\/v2\/tags?post=66601"}],"curies":[{"name":"wp","href":"https:\/\/api.w.org\/{rel}","templated":true}]}}