{"id":66604,"date":"2013-06-05T12:24:01","date_gmt":"2013-06-05T15:24:01","guid":{"rendered":"http:\/\/www.r2cpress.com.br\/v1\/?p=66604"},"modified":"2013-06-05T12:24:01","modified_gmt":"2013-06-05T15:24:01","slug":"centro-de-controle-de-zoonoses-de-ilheus-esta-abandonado-sucateado-e-sem-acoes-afirma-o-vereador-cosme-araujo","status":"publish","type":"post","link":"https:\/\/www.r2cpress.com.br\/v1\/2013\/06\/05\/centro-de-controle-de-zoonoses-de-ilheus-esta-abandonado-sucateado-e-sem-acoes-afirma-o-vereador-cosme-araujo\/","title":{"rendered":"Centro de Controle de Zoonoses de Ilh\u00e9us est\u00e1 abandonado, sucateado e sem a\u00e7\u00f5es, afirma o vereador Cosme Ara\u00fajo."},"content":{"rendered":"<p><img loading=\"lazy\" src=\"http:\/\/www.r2cpress.com.br\/v1\/wp-content\/uploads\/Vereador-ilheense-Cosme-Ara%C3%BAjo-PDT..png\" width=\"226\" height=\"149\" class=\"alignleft\" \/>Depois de v\u00e1rias den\u00fancias, o vereador Cosme Ara\u00fajo (PDT), exercendo o seu papel de legislador e fiscalizador da coisa p\u00fablica, oficializou junto \u00e0 mesa diretora da C\u00e2mara, na \u00faltima semana, of\u00edcio, solicitando Sess\u00e3o Especial para abordar o descaso do governo municipal com o Centro de Controle de Zoonoses da cidade. Para tanto, solicitou que fosse convocado o Sr. Alo\u00edsio Correia Leite, coordenador do CCZ e a Sra. Ledivia Sampaio Nogueira, secret\u00e1ria de sa\u00fade do munic\u00edpio. Tamb\u00e9m estendessem os convites para funcion\u00e1rios demitidos e ainda n\u00e3o recontratados; Representantes do curso de veterin\u00e1ria da Uesc; l\u00edderes comunit\u00e1rios, Imprensa e Associa\u00e7\u00f5es de prote\u00e7\u00e3o aos animais.<br \/>\n     O CCZ tem como objetivo diminuir os riscos \u00e0 sa\u00fade humana, ocasionada pela conviv\u00eancia homem-animal inadequada, bem como evitar que os animais sejam submetidos a abusos ou maus tratos. Hoje a cidade est\u00e1 proliferada de roedores. Sem falar que o inverno est\u00e1 pr\u00f3ximo e, a situa\u00e7\u00e3o pode piorar.<br \/>\n     \u201cO que se percebe \u00e9 a falta de a\u00e7\u00e3o do atual governo e o descaso com a sa\u00fade veterin\u00e1ria. N\u00e3o h\u00e1 nenhuma campanha de preven\u00e7\u00e3o; Animais de grande porte nas ruas \u00e0s soltas, a exemplo de equinos, bem como c\u00e3es de todas as ra\u00e7as e, sem dono, que vagam pelas principais ruas da cidade. A CCZ n\u00e3o disp\u00f5e de caminh\u00f5es apropriados e nem mesmo as \u201ccarrocinhas\u201d funcionam. Est\u00e3o todas depenadas\u201d, afirma o parlamentar.<\/p>\n<p>&#8212;<br \/>\nAssesssoria.<\/p>\n","protected":false},"excerpt":{"rendered":"<p>Depois de v\u00e1rias den\u00fancias, o vereador Cosme Ara\u00fajo (PDT), exercendo o seu papel de legislador e fiscalizador da coisa p\u00fablica, oficializou junto \u00e0 mesa diretora da C\u00e2mara, na \u00faltima semana, of\u00edcio, solicitando Sess\u00e3o Especial para abordar o descaso do governo municipal com o Centro de Controle de Zoonoses da cidade. Para tanto, solicitou que fosse [&hellip;]<\/p>\n","protected":false},"author":2,"featured_media":0,"comment_status":"open","ping_status":"open","sticky":false,"template":"","format":"standard","meta":{"_links_to":"","_links_to_target":""},"categories":[22],"tags":[],"_links":{"self":[{"href":"https:\/\/www.r2cpress.com.br\/v1\/wp-json\/wp\/v2\/posts\/66604"}],"collection":[{"href":"https:\/\/www.r2cpress.com.br\/v1\/wp-json\/wp\/v2\/posts"}],"about":[{"href":"https:\/\/www.r2cpress.com.br\/v1\/wp-json\/wp\/v2\/types\/post"}],"author":[{"embeddable":true,"href":"https:\/\/www.r2cpress.com.br\/v1\/wp-json\/wp\/v2\/users\/2"}],"replies":[{"embeddable":true,"href":"https:\/\/www.r2cpress.com.br\/v1\/wp-json\/wp\/v2\/comments?post=66604"}],"version-history":[{"count":2,"href":"https:\/\/www.r2cpress.com.br\/v1\/wp-json\/wp\/v2\/posts\/66604\/revisions"}],"predecessor-version":[{"id":66606,"href":"https:\/\/www.r2cpress.com.br\/v1\/wp-json\/wp\/v2\/posts\/66604\/revisions\/66606"}],"wp:attachment":[{"href":"https:\/\/www.r2cpress.com.br\/v1\/wp-json\/wp\/v2\/media?parent=66604"}],"wp:term":[{"taxonomy":"category","embeddable":true,"href":"https:\/\/www.r2cpress.com.br\/v1\/wp-json\/wp\/v2\/categories?post=66604"},{"taxonomy":"post_tag","embeddable":true,"href":"https:\/\/www.r2cpress.com.br\/v1\/wp-json\/wp\/v2\/tags?post=66604"}],"curies":[{"name":"wp","href":"https:\/\/api.w.org\/{rel}","templated":true}]}}