{"id":66619,"date":"2013-06-05T14:26:21","date_gmt":"2013-06-05T17:26:21","guid":{"rendered":"http:\/\/www.r2cpress.com.br\/v1\/?p=66619"},"modified":"2013-06-05T14:26:21","modified_gmt":"2013-06-05T17:26:21","slug":"ilheus-balcao-do-emprego-recruta-candidatos-para-o-mercado-de-trabalho","status":"publish","type":"post","link":"https:\/\/www.r2cpress.com.br\/v1\/2013\/06\/05\/ilheus-balcao-do-emprego-recruta-candidatos-para-o-mercado-de-trabalho\/","title":{"rendered":"Ilh\u00e9us: Balc\u00e3o do Emprego recruta candidatos para o mercado de trabalho"},"content":{"rendered":"<p>Criado h\u00e1 duas semanas em Ilh\u00e9us, o Balc\u00e3o de Emprego j\u00e1 est\u00e1 em pleno funcionamento atrav\u00e9s da Secretaria Municipal de Desenvolvimento Social (SDS). O objetivo do programa \u00e9 recrutar, cadastrar e selecionar candidatos \u00e0s vagas de emprego oferecidas por empresas, oportunizando condi\u00e7\u00f5es mais reais de inser\u00e7\u00e3o no mercado de trabalho.<\/p>\n<p>O programa atua como mediador de trabalhadores e empresas. O titular da pasta, Jamil Ock\u00e9, explica que a SDS faz um trabalho de prospec\u00e7\u00e3o de vagas, fortalecendo o contato com os empres\u00e1rios locais. Al\u00e9m de atuar na sele\u00e7\u00e3o de curr\u00edculos, o programa orienta sobre as no\u00e7\u00f5es para elabora\u00e7\u00e3o do curr\u00edculo, apresenta\u00e7\u00e3o pessoal e postura profissional. O candidato tamb\u00e9m \u00e9 direcionado para os cursos de capacita\u00e7\u00e3o oferecidos pelo Programa Nacional de Acesso ao Ensino T\u00e9cnico e Emprego (Pronatec). \u201cN\u00e3o recrutamos apenas curr\u00edculos, pois entendemos que a qualifica\u00e7\u00e3o profissional \u00e9 fundamental\u201d ressalta.<\/p>\n<p>Ock\u00e9 afirma que alguns candidatos encaminhados atrav\u00e9s do Balc\u00e3o do Emprego j\u00e1 conquistaram a t\u00e3o sonhada vaga no mercado de trabalho. O secret\u00e1rio explica que s\u00e3o selecionados cerca de tr\u00eas candidatos condizentes com o perfil procurado pela empresa no processo de sele\u00e7\u00e3o, a qual \u00e9 realizada pelo empregador.<\/p>\n<p>O interessado pode realizar o cadastro na sede da SDS, localizada na Rua M\u00e1rio Alfredo, s\/n, centro, das 8 \u00e0s 14 horas. No ato da inscri\u00e7\u00e3o, deve apresentar CPF, carteira de identidade, carteira de trabalho, PIS\/PASEP (se tiver), t\u00edtulo de eleitor, e o N\u00famero de Identifica\u00e7\u00e3o Social (NIS), registro de cadastro atribu\u00eddo \u00e0s pessoas que s\u00e3o beneficiadas por algum projeto social.<\/p>\n<p>&#8212;<br \/>\nSecretaria de Comunica\u00e7\u00e3o Social (Secom)<br \/>\nIlh\u00e9us \u2013 05.06.2013<\/p>\n","protected":false},"excerpt":{"rendered":"<p>Criado h\u00e1 duas semanas em Ilh\u00e9us, o Balc\u00e3o de Emprego j\u00e1 est\u00e1 em pleno funcionamento atrav\u00e9s da Secretaria Municipal de Desenvolvimento Social (SDS). O objetivo do programa \u00e9 recrutar, cadastrar e selecionar candidatos \u00e0s vagas de emprego oferecidas por empresas, oportunizando condi\u00e7\u00f5es mais reais de inser\u00e7\u00e3o no mercado de trabalho. O programa atua como mediador [&hellip;]<\/p>\n","protected":false},"author":2,"featured_media":0,"comment_status":"open","ping_status":"open","sticky":false,"template":"","format":"standard","meta":{"_links_to":"","_links_to_target":""},"categories":[23],"tags":[],"_links":{"self":[{"href":"https:\/\/www.r2cpress.com.br\/v1\/wp-json\/wp\/v2\/posts\/66619"}],"collection":[{"href":"https:\/\/www.r2cpress.com.br\/v1\/wp-json\/wp\/v2\/posts"}],"about":[{"href":"https:\/\/www.r2cpress.com.br\/v1\/wp-json\/wp\/v2\/types\/post"}],"author":[{"embeddable":true,"href":"https:\/\/www.r2cpress.com.br\/v1\/wp-json\/wp\/v2\/users\/2"}],"replies":[{"embeddable":true,"href":"https:\/\/www.r2cpress.com.br\/v1\/wp-json\/wp\/v2\/comments?post=66619"}],"version-history":[{"count":2,"href":"https:\/\/www.r2cpress.com.br\/v1\/wp-json\/wp\/v2\/posts\/66619\/revisions"}],"predecessor-version":[{"id":66621,"href":"https:\/\/www.r2cpress.com.br\/v1\/wp-json\/wp\/v2\/posts\/66619\/revisions\/66621"}],"wp:attachment":[{"href":"https:\/\/www.r2cpress.com.br\/v1\/wp-json\/wp\/v2\/media?parent=66619"}],"wp:term":[{"taxonomy":"category","embeddable":true,"href":"https:\/\/www.r2cpress.com.br\/v1\/wp-json\/wp\/v2\/categories?post=66619"},{"taxonomy":"post_tag","embeddable":true,"href":"https:\/\/www.r2cpress.com.br\/v1\/wp-json\/wp\/v2\/tags?post=66619"}],"curies":[{"name":"wp","href":"https:\/\/api.w.org\/{rel}","templated":true}]}}