{"id":66675,"date":"2013-06-06T11:46:57","date_gmt":"2013-06-06T14:46:57","guid":{"rendered":"http:\/\/www.r2cpress.com.br\/v1\/?p=66675"},"modified":"2013-06-06T11:46:57","modified_gmt":"2013-06-06T14:46:57","slug":"alunos-do-ime-realizaram-seminario-em-comemoracao-a-semana-do-meio-ambiente","status":"publish","type":"post","link":"https:\/\/www.r2cpress.com.br\/v1\/2013\/06\/06\/alunos-do-ime-realizaram-seminario-em-comemoracao-a-semana-do-meio-ambiente\/","title":{"rendered":"Alunos do IME realizaram semin\u00e1rio em comemora\u00e7\u00e3o \u00e0 Semana do Meio Ambiente"},"content":{"rendered":"<p>Professores e alunos do Instituto Municipal de Ensino Eus\u00ednio Lavigne (IME-Centro) comemoram a semana do meio ambiente com a execu\u00e7\u00e3o de a\u00e7\u00f5es do Projeto \u00c1gua:  nosso maior tesouro, proposta educacional, uma atividade  interdisciplinar contemplando 393 estudantes das 7\u00aa e 8\u00aa s\u00e9ries do ensino fundamental II. O objetivo do projeto \u00e9 oportunizar aos alunos para o conhecimento sobre a import\u00e2ncia da \u00e1gua na vida dos seres vivos, atrav\u00e9s do contato direto com o ambiente.<br \/>\n<div id=\"attachment_66676\" style=\"width: 510px\" class=\"wp-caption aligncenter\"><a href=\"http:\/\/www.r2cpress.com.br\/v1\/wp-content\/uploads\/1296.jpg\"><img aria-describedby=\"caption-attachment-66676\" loading=\"lazy\" src=\"http:\/\/www.r2cpress.com.br\/v1\/wp-content\/uploads\/1296.jpg\" alt=\"Semana do Meio Ambiente.\" width=\"500\" height=\"333\" class=\"size-full wp-image-66676\" srcset=\"https:\/\/www.r2cpress.com.br\/v1\/wp-content\/uploads\/1296.jpg 500w, https:\/\/www.r2cpress.com.br\/v1\/wp-content\/uploads\/1296-300x199.jpg 300w\" sizes=\"(max-width: 500px) 100vw, 500px\" \/><\/a><p id=\"caption-attachment-66676\" class=\"wp-caption-text\">Semana do Meio Ambiente.<\/p><\/div><br \/>\nComo parte das atividades do projeto, foi realizado na manh\u00e3 desta quinta-feira (06), no audit\u00f3rio da Justi\u00e7a Federal, o semin\u00e1rio sobre a import\u00e2ncia e uso racional da \u00e1gua, contando com apresenta\u00e7\u00f5es de trabalhos realizados pelos alunos. O semin\u00e1rio foi aberto com a palestra da professora Lidiney Campos, da disciplina de ci\u00eancias do IME, que falou sobre a import\u00e2ncia da implanta\u00e7\u00e3o da \u00e1gua e da necessidade da participa\u00e7\u00e3o de toda a comunidade escolar na preserva\u00e7\u00e3o desse patrim\u00f4nio natural.  Ela explicou que esse trabalho de conscientiza\u00e7\u00e3o dos alunos foram iniciado pelo projeto no m\u00eas de maio, nas aulas de sua disciplina ci\u00eancias e l\u00edngua portuguesa, orientados pelas professoras C\u00e1tia Hughes e Clotilde Amaral, e tamb\u00e9m aulas de educa\u00e7\u00e3o f\u00edsica, pela professora Aparecida Fontes, e por Giovane Barbosa, nas aulas de matem\u00e1tica.<\/p>\n<p><!--more--><\/p>\n<p>Logo depois foi a vez da palestra sobre \u201c\u00c1gua: aprendendo a usar com responsabilidade para a manuten\u00e7\u00e3o da vida\u201d, proferida pela assistente social da Embasa, Cibele Fontes. Ap\u00f3s a palestra foi feito o sorteio de brindes educativos patrocinados pela Embasa. O semin\u00e1rio contou ainda com a apresenta\u00e7\u00e3o teatral feita pelo grupo do Servi\u00e7o Social da Ind\u00fastria (Sesi), encerrando as atividades da manh\u00e3. Participaram do semin\u00e1rio no turno matutino a representante da Embasa, Sandra Nunes e os professores Jos\u00e9 Eduardo Menezes, Flordenice Santiago e Aparecida Fontes e os servidores Eliete Freitas e Concei\u00e7\u00e3o Ramos.<\/p>\n<p>Na parte da tarde foi a vez de apresenta\u00e7\u00f5es de trabalhos realizados pelos alunos, contando com dramatiza\u00e7\u00f5es, recital, produ\u00e7\u00e3o de cartazes e m\u00fasicas, orientados pelas professores de portugu\u00eas e artes C\u00e1tia Hughes e Clotilde Amaral. O evento aconteceu no audit\u00f3rio do IME, contando com a participa\u00e7\u00e3o expressiva dos alunos. Para os estudantes, o semin\u00e1rio foi uma oportunidade de conhecer mais sobre a \u00e1gua e despertar para a import\u00e2ncia da preserva\u00e7\u00e3o do meio ambiente.<\/p>\n<p>O projeto foi iniciado no m\u00eas de maio com aulas expositivas, dialogadas, pesquisas no livro did\u00e1tico e internet. No m\u00eas de junho, iniciaram as aulas de campo, atividade extraclasse com visitas ao local de capta\u00e7\u00e3o de \u00e1gua do Iguape, esta\u00e7\u00e3o de tratamento de \u00e1gua e de tratamento de esgoto. Para o segundo semestre est\u00e3o planejadas visitas \u00e0s praias da cidade e \u00e0 Lagoa Encantada, com objetivo de medir a temperatura, oxig\u00eanio dissolvido, salinidade, tabula\u00e7\u00e3o de dados. O projeto ser\u00e1 encerrado no m\u00eas de outubro com a edi\u00e7\u00e3o de um v\u00eddeo educativo produzido pelos alunos e publica\u00e7\u00e3o da segunda edi\u00e7\u00e3o do Jornal Eco Teens, em parceria com o Minist\u00e9rio P\u00fablico.<\/p>\n","protected":false},"excerpt":{"rendered":"<p>Professores e alunos do Instituto Municipal de Ensino Eus\u00ednio Lavigne (IME-Centro) comemoram a semana do meio ambiente com a execu\u00e7\u00e3o de a\u00e7\u00f5es do Projeto \u00c1gua: nosso maior tesouro, proposta educacional, uma atividade interdisciplinar contemplando 393 estudantes das 7\u00aa e 8\u00aa s\u00e9ries do ensino fundamental II. O objetivo do projeto \u00e9 oportunizar aos alunos para o [&hellip;]<\/p>\n","protected":false},"author":2,"featured_media":0,"comment_status":"open","ping_status":"open","sticky":false,"template":"","format":"standard","meta":{"_links_to":"","_links_to_target":""},"categories":[6],"tags":[],"_links":{"self":[{"href":"https:\/\/www.r2cpress.com.br\/v1\/wp-json\/wp\/v2\/posts\/66675"}],"collection":[{"href":"https:\/\/www.r2cpress.com.br\/v1\/wp-json\/wp\/v2\/posts"}],"about":[{"href":"https:\/\/www.r2cpress.com.br\/v1\/wp-json\/wp\/v2\/types\/post"}],"author":[{"embeddable":true,"href":"https:\/\/www.r2cpress.com.br\/v1\/wp-json\/wp\/v2\/users\/2"}],"replies":[{"embeddable":true,"href":"https:\/\/www.r2cpress.com.br\/v1\/wp-json\/wp\/v2\/comments?post=66675"}],"version-history":[{"count":2,"href":"https:\/\/www.r2cpress.com.br\/v1\/wp-json\/wp\/v2\/posts\/66675\/revisions"}],"predecessor-version":[{"id":66678,"href":"https:\/\/www.r2cpress.com.br\/v1\/wp-json\/wp\/v2\/posts\/66675\/revisions\/66678"}],"wp:attachment":[{"href":"https:\/\/www.r2cpress.com.br\/v1\/wp-json\/wp\/v2\/media?parent=66675"}],"wp:term":[{"taxonomy":"category","embeddable":true,"href":"https:\/\/www.r2cpress.com.br\/v1\/wp-json\/wp\/v2\/categories?post=66675"},{"taxonomy":"post_tag","embeddable":true,"href":"https:\/\/www.r2cpress.com.br\/v1\/wp-json\/wp\/v2\/tags?post=66675"}],"curies":[{"name":"wp","href":"https:\/\/api.w.org\/{rel}","templated":true}]}}