{"id":6687,"date":"2011-01-16T11:40:28","date_gmt":"2011-01-16T14:40:28","guid":{"rendered":"http:\/\/www.r2cpress.com.br\/v1\/?p=6687"},"modified":"2011-01-16T12:11:24","modified_gmt":"2011-01-16T15:11:24","slug":"6687","status":"publish","type":"post","link":"https:\/\/www.r2cpress.com.br\/v1\/2011\/01\/16\/6687\/","title":{"rendered":"VIT\u00d3RIA: Quem se atreve a cortar a juba do Le\u00e3o?"},"content":{"rendered":"<p>Ser\u00e1 que esse ano vai ter algum time para tentar tirar a hegemonia do Vit\u00f3ria no Campeonato Baiano?<\/p>\n<p>A Diretoria do Bahia est\u00e1 apostando na subida do time para a s\u00e9ria A e contratou v\u00e1rios jogadores jovens, mas a maioria j\u00e1 conhecida por atuarem em times como o Corinthians, Vasco da Gama, Santos&#8230; Resta saber se vai dar certo.<\/p>\n<p>O tricolor encara o Serrano hoje \u00e0 tarde no Lomanto Jr. com Rog\u00e9rio Louren\u00e7o no comando do time que n\u00e3o foi definido ainda, Louren\u00e7o est\u00e1 entre Camacho e Bruno Paulo para definir a mei\u00faca e promete s\u00f3 tirar a d\u00favida momentos antes da partida que vai come\u00e7ar \u00e0s 16hs.<\/p>\n<p>O Bahia de Feira j\u00e1 mostrou que tem um bom time e levantou o caneco do Torneio In\u00edcio, mas n\u00e3o passou de um empate contra o feirense na estreia do Baian\u00e3o, ontem (15-01), no J\u00f3ia da Princesa, em Feira de Santana.<\/p>\n<p>O Colo Colo de 2006, do ent\u00e3o t\u00e9cnico Ferreira, conseguiu desbancar o Le\u00e3o, levantando a ta\u00e7a de campe\u00e3o em pleno Barrad\u00e3o.<\/p>\n<p><!--more--><\/p>\n<p>O Juazeiro est\u00e1 de volta. E foi a Carranca que tirou o outro poss\u00edvel t\u00edtulo do Vit\u00f3ria, tirando o time da decis\u00e3o de 2001.<\/p>\n<p>O Juazeiro disputou o caneco com o Bahia e deixou escapar o t\u00edtulo jogando em casa, com o Bahia fazendo a festa.<\/p>\n<p>A d\u00e9cada passada foi totalmente Rubro-negra, o Vit\u00f3ria venceu quase tudo que disputou a n\u00edvel regional. Foram 8 t\u00edtulos estaduais: 2002, 03, 04, 05; 2007, 08, 09 e 2010 e dois do Nordeste: 2003 e 2010.<\/p>\n<p>O Bahia conseguiu o t\u00edtulo estadual de 2001 e o Nordeste de 2002.<\/p>\n<p>O Colo Colo papou o estadual de 2006.<\/p>\n<p>Os demais times ganharam um grande incentivo da parceria firmada entre a EMBASA e a FBF e ainda tem o programa Sua Nota \u00e9 um Show, que vai chegar na segunda rodada do Baian\u00e3o 2011.<\/p>\n<p>Para muitos, o Vit\u00f3ria enfraqueceu depois da queda para a segundona, mas o Le\u00e3o sempre est\u00e1 vivo para a patada final, \u00e9 bom tomar cuidado.<\/p>\n<p>Por Renan Rocha<br \/>\n<a href = \"http:\/\/galeriadabola.com\/\" target = \"_news\"><b>Galeria da Bola<\/b><\/a><\/p>\n","protected":false},"excerpt":{"rendered":"<p>Ser\u00e1 que esse ano vai ter algum time para tentar tirar a hegemonia do Vit\u00f3ria no Campeonato Baiano? A Diretoria do Bahia est\u00e1 apostando na subida do time para a s\u00e9ria A e contratou v\u00e1rios jogadores jovens, mas a maioria j\u00e1 conhecida por atuarem em times como o Corinthians, Vasco da Gama, Santos&#8230; Resta saber [&hellip;]<\/p>\n","protected":false},"author":2,"featured_media":0,"comment_status":"open","ping_status":"open","sticky":false,"template":"","format":"standard","meta":{"_links_to":"","_links_to_target":""},"categories":[11],"tags":[],"_links":{"self":[{"href":"https:\/\/www.r2cpress.com.br\/v1\/wp-json\/wp\/v2\/posts\/6687"}],"collection":[{"href":"https:\/\/www.r2cpress.com.br\/v1\/wp-json\/wp\/v2\/posts"}],"about":[{"href":"https:\/\/www.r2cpress.com.br\/v1\/wp-json\/wp\/v2\/types\/post"}],"author":[{"embeddable":true,"href":"https:\/\/www.r2cpress.com.br\/v1\/wp-json\/wp\/v2\/users\/2"}],"replies":[{"embeddable":true,"href":"https:\/\/www.r2cpress.com.br\/v1\/wp-json\/wp\/v2\/comments?post=6687"}],"version-history":[{"count":4,"href":"https:\/\/www.r2cpress.com.br\/v1\/wp-json\/wp\/v2\/posts\/6687\/revisions"}],"predecessor-version":[{"id":6694,"href":"https:\/\/www.r2cpress.com.br\/v1\/wp-json\/wp\/v2\/posts\/6687\/revisions\/6694"}],"wp:attachment":[{"href":"https:\/\/www.r2cpress.com.br\/v1\/wp-json\/wp\/v2\/media?parent=6687"}],"wp:term":[{"taxonomy":"category","embeddable":true,"href":"https:\/\/www.r2cpress.com.br\/v1\/wp-json\/wp\/v2\/categories?post=6687"},{"taxonomy":"post_tag","embeddable":true,"href":"https:\/\/www.r2cpress.com.br\/v1\/wp-json\/wp\/v2\/tags?post=6687"}],"curies":[{"name":"wp","href":"https:\/\/api.w.org\/{rel}","templated":true}]}}