{"id":6695,"date":"2011-01-16T12:19:15","date_gmt":"2011-01-16T15:19:15","guid":{"rendered":"http:\/\/www.r2cpress.com.br\/v1\/?p=6695"},"modified":"2011-01-16T12:20:05","modified_gmt":"2011-01-16T15:20:05","slug":"sobe-para-611-o-numero-de-mortos-na-regiao-serrana-do-rio","status":"publish","type":"post","link":"https:\/\/www.r2cpress.com.br\/v1\/2011\/01\/16\/sobe-para-611-o-numero-de-mortos-na-regiao-serrana-do-rio\/","title":{"rendered":"Sobe para 611 o n\u00famero de mortos na regi\u00e3o serrana do Rio"},"content":{"rendered":"<p><strong>Rio de Janeiro <\/strong>\u2013 Chegou a 611 o n\u00famero de mortos na trag\u00e9dia da regi\u00e3o serrana do Rio, segundo o mais recente boletim divulgado \u00e0s 9h10 de hoje (16) pela Secretaria de Estado de Sa\u00fade e Defesa Civil do Rio de Janeiro, com base em dados do Corpo de Bombeiros e da Defesa Civil estadual.<\/p>\n<p>As mortes foram causadas pelas fortes chuvas e deslizamentos de terra ocorridos na \u00faltima quarta-feira (12) nos munic\u00edpios de Nova Friburgo, Petr\u00f3polis, Teres\u00f3polis e Sumidouro.<\/p>\n<p>Nova Friburgo, o munic\u00edpio mais afetado, tem o maior n\u00famero de mortos: 274. Em seguida, vem Teres\u00f3polis, com 263 vitimas. Em Petr\u00f3polis, 55 corpos j\u00e1 foram resgatados dos escombros; enquanto em Sumidouro 19 pessoas morreram em consequ\u00eancia das chuvas.<\/p>\n<p>H\u00e0 1.970 desabrigados em Friburgo e 3.220 desalojados. Teres\u00f3polis tem 1.280 desabrigados e 960 desalojados. Em Petr\u00f3polis, o n\u00famero de desabrigados e de desalojados chega a 2.800 e 3.600, respectivamente.<\/p>\n<p> <!--more--><\/p>\n<p>S\u00e3o consideradas desabrigadas as pessoas que perderam as casas e tudo o que havia dentro delas e n\u00e3o tem como voltar. Desalojados s\u00e3o pessoas que est\u00e3o provisoriamente fora de suas resid\u00eancias, mas que poder\u00e3o retornar depois que passar a chuva.<\/p>\n<p>Em Itaipava, segundo a Prefeitura de Petr\u00f3polis, equipes est\u00e3o priorizando as \u00e1reas de dif\u00edcil acesso, principalmente na regi\u00e3o do Vale do Cuiab\u00e1, o local mais atingido pelas chuvas.<\/p>\n<p>O grupamento dos bombeiros de Itaipava resgatou, desde a \u00faltima quarta-feira, 20 pessoas feridas. O transbordamento do Rio Santo Ant\u00f4nio atingiu aproximadamente 20 quil\u00f4metros de extens\u00e3o, sendo 15 quil\u00f4metros no Vale do Cuiab\u00e1 e 5 quil\u00f4metros ao longo da Estrada Fil\u00favio Cerqueira, onde est\u00e3o as demais comunidades atingidas.<\/p>\n<p>Cerca de 600 homens atuam nas frentes de trabalho nos resgate \u00e0s v\u00edtimas em Itaipava. O Ex\u00e9rcito disponibilizou 105 homens para atuar nas frentes de trabalho, al\u00e9m de dois caminh\u00f5es.<\/p>\n<p>&#8212;<br \/>\nNielmar de Oliveira<br \/>\nRep\u00f3rter da <a href = \"http:\/\/agenciabrasil.ebc.com.br\/home;jsessionid=DDE1BFAF52B550A44CCBFBEF0BA367C9?p_p_id=56&#038;p_p_lifecycle=0&#038;p_p_state=maximized&#038;p_p_mode=view&#038;p_p_col_id=column-1&#038;p_p_col_count=1&#038;_56_groupId=19523&#038;_56_articleId=3165730\" target = \"_news\"><b>Ag\u00eancia Brasil<\/b><\/a><br \/>\nEdi\u00e7\u00e3o: Jo\u00e3o Carlos Rodrigues<\/p>\n","protected":false},"excerpt":{"rendered":"<p>Rio de Janeiro \u2013 Chegou a 611 o n\u00famero de mortos na trag\u00e9dia da regi\u00e3o serrana do Rio, segundo o mais recente boletim divulgado \u00e0s 9h10 de hoje (16) pela Secretaria de Estado de Sa\u00fade e Defesa Civil do Rio de Janeiro, com base em dados do Corpo de Bombeiros e da Defesa Civil estadual. [&hellip;]<\/p>\n","protected":false},"author":2,"featured_media":0,"comment_status":"open","ping_status":"open","sticky":false,"template":"","format":"standard","meta":{"_links_to":"","_links_to_target":""},"categories":[18],"tags":[],"_links":{"self":[{"href":"https:\/\/www.r2cpress.com.br\/v1\/wp-json\/wp\/v2\/posts\/6695"}],"collection":[{"href":"https:\/\/www.r2cpress.com.br\/v1\/wp-json\/wp\/v2\/posts"}],"about":[{"href":"https:\/\/www.r2cpress.com.br\/v1\/wp-json\/wp\/v2\/types\/post"}],"author":[{"embeddable":true,"href":"https:\/\/www.r2cpress.com.br\/v1\/wp-json\/wp\/v2\/users\/2"}],"replies":[{"embeddable":true,"href":"https:\/\/www.r2cpress.com.br\/v1\/wp-json\/wp\/v2\/comments?post=6695"}],"version-history":[{"count":3,"href":"https:\/\/www.r2cpress.com.br\/v1\/wp-json\/wp\/v2\/posts\/6695\/revisions"}],"predecessor-version":[{"id":6698,"href":"https:\/\/www.r2cpress.com.br\/v1\/wp-json\/wp\/v2\/posts\/6695\/revisions\/6698"}],"wp:attachment":[{"href":"https:\/\/www.r2cpress.com.br\/v1\/wp-json\/wp\/v2\/media?parent=6695"}],"wp:term":[{"taxonomy":"category","embeddable":true,"href":"https:\/\/www.r2cpress.com.br\/v1\/wp-json\/wp\/v2\/categories?post=6695"},{"taxonomy":"post_tag","embeddable":true,"href":"https:\/\/www.r2cpress.com.br\/v1\/wp-json\/wp\/v2\/tags?post=6695"}],"curies":[{"name":"wp","href":"https:\/\/api.w.org\/{rel}","templated":true}]}}