{"id":67044,"date":"2013-06-11T13:20:01","date_gmt":"2013-06-11T16:20:01","guid":{"rendered":"http:\/\/www.r2cpress.com.br\/v1\/?p=67044"},"modified":"2013-06-11T13:20:01","modified_gmt":"2013-06-11T16:20:01","slug":"governo-do-estado-instala-comissao-de-modernizacao-da-policia-militar","status":"publish","type":"post","link":"https:\/\/www.r2cpress.com.br\/v1\/2013\/06\/11\/governo-do-estado-instala-comissao-de-modernizacao-da-policia-militar\/","title":{"rendered":"Governo do Estado instala comiss\u00e3o de moderniza\u00e7\u00e3o da Pol\u00edcia Militar"},"content":{"rendered":"<p>O Governo do Estado instala nesta quarta-feira (12), \u00e0s 17h30, na Governadoria, no Centro Administrativo da Bahia (CAB), o grupo de trabalho com a finalidade de promover estudos e apresentar propostas de reestrutura\u00e7\u00e3o e moderniza\u00e7\u00e3o organizacional da Pol\u00edcia Militar.<\/p>\n<p>Institu\u00edda pelo decreto 14.460, de 3 de maio de 2013, e alterado pelo decreto 14.502, de 29 de maio de 2013, a comiss\u00e3o ser\u00e1 coordenada pelo secret\u00e1rio da Seguran\u00e7a P\u00fablica, Maur\u00edcio Barbosa, e contar\u00e1 com representantes da Pol\u00edcia Militar, coronel Carlos Sebasti\u00e3o Eleut\u00e9rio; da Casa Civil, Clarissa Costa de Almeida; da Secretaria da Administra\u00e7\u00e3o, Adriano Tadeu Oliveira; da Procuradoria Geral do Estado, procuradora Maria do Carmo Freaza, e da Assembleia Legislativa da Bahia.<\/p>\n<p>A comiss\u00e3o tamb\u00e9m ter\u00e1 representantes da Associa\u00e7\u00e3o dos Oficias da Pol\u00edcia Militar da Bahia (AOPMBA), major Cop\u00e9rnico Mota da Silva; da Associa\u00e7\u00e3o dos Oficiais Auxiliares da Pol\u00edcia Militar (AOAPM), major Ubiracy Vieira dos Santos; da Associa\u00e7\u00e3o de Policiais e Bombeiros e de seus Familiares do Estado da Bahia (Aspra), Marco Prisco Caldas; da Sociedade Beneficente dos Sargentos da Pol\u00edcia Militar (SBSPM), subtenente Everaldo Messias dos Santos e da Associa\u00e7\u00e3o de Pra\u00e7as da Pol\u00edcia Militar do Estado da Bahia (APPMBA), sargento Agnaldo Pinto de Souza.<\/p>\n<p>&#8230;<br \/>\nSecom  &#8211; Secretaria de Comunica\u00e7\u00e3o Social &#8211; Governo da Bahia<\/p>\n","protected":false},"excerpt":{"rendered":"<p>O Governo do Estado instala nesta quarta-feira (12), \u00e0s 17h30, na Governadoria, no Centro Administrativo da Bahia (CAB), o grupo de trabalho com a finalidade de promover estudos e apresentar propostas de reestrutura\u00e7\u00e3o e moderniza\u00e7\u00e3o organizacional da Pol\u00edcia Militar. Institu\u00edda pelo decreto 14.460, de 3 de maio de 2013, e alterado pelo decreto 14.502, de [&hellip;]<\/p>\n","protected":false},"author":2,"featured_media":0,"comment_status":"open","ping_status":"open","sticky":false,"template":"","format":"standard","meta":{"_links_to":"","_links_to_target":""},"categories":[29],"tags":[],"_links":{"self":[{"href":"https:\/\/www.r2cpress.com.br\/v1\/wp-json\/wp\/v2\/posts\/67044"}],"collection":[{"href":"https:\/\/www.r2cpress.com.br\/v1\/wp-json\/wp\/v2\/posts"}],"about":[{"href":"https:\/\/www.r2cpress.com.br\/v1\/wp-json\/wp\/v2\/types\/post"}],"author":[{"embeddable":true,"href":"https:\/\/www.r2cpress.com.br\/v1\/wp-json\/wp\/v2\/users\/2"}],"replies":[{"embeddable":true,"href":"https:\/\/www.r2cpress.com.br\/v1\/wp-json\/wp\/v2\/comments?post=67044"}],"version-history":[{"count":2,"href":"https:\/\/www.r2cpress.com.br\/v1\/wp-json\/wp\/v2\/posts\/67044\/revisions"}],"predecessor-version":[{"id":67046,"href":"https:\/\/www.r2cpress.com.br\/v1\/wp-json\/wp\/v2\/posts\/67044\/revisions\/67046"}],"wp:attachment":[{"href":"https:\/\/www.r2cpress.com.br\/v1\/wp-json\/wp\/v2\/media?parent=67044"}],"wp:term":[{"taxonomy":"category","embeddable":true,"href":"https:\/\/www.r2cpress.com.br\/v1\/wp-json\/wp\/v2\/categories?post=67044"},{"taxonomy":"post_tag","embeddable":true,"href":"https:\/\/www.r2cpress.com.br\/v1\/wp-json\/wp\/v2\/tags?post=67044"}],"curies":[{"name":"wp","href":"https:\/\/api.w.org\/{rel}","templated":true}]}}