{"id":67107,"date":"2013-06-12T10:59:51","date_gmt":"2013-06-12T13:59:51","guid":{"rendered":"http:\/\/www.r2cpress.com.br\/v1\/?p=67107"},"modified":"2013-06-12T10:59:51","modified_gmt":"2013-06-12T13:59:51","slug":"carlos-freitas-entrega-a-presidencia-do-ptb-em-ilheus","status":"publish","type":"post","link":"https:\/\/www.r2cpress.com.br\/v1\/2013\/06\/12\/carlos-freitas-entrega-a-presidencia-do-ptb-em-ilheus\/","title":{"rendered":"Carlos Freitas entrega a presid\u00eancia do PTB em Ilh\u00e9us"},"content":{"rendered":"<p>Amigo Benito Gama<br \/>\nPRESIDENTE NACIONAL DO PTB:<\/p>\n<p>Estive conversando hoje, com Jorge Vianna, e o mesmo me falou que esteve pessoalmente contigo ai em Bras\u00edlia. Olhe amigo, tenha a certeza que na \u00e9poca da sua campanha para Deputado Federal, fiz o que pude e n\u00e3o medir esfor\u00e7os afim de te ajudar. Se n\u00e3o foi o esperado por voc\u00ea, tenha a certeza que nos fomos tra\u00eddos, por aqueles canalhas que voc\u00ea ajudou financeiramente. Mais isto esta na \u00edndole do pol\u00edtico Brasileiro. Estes canalhas tamb\u00e9m tiveram o que mereceram nas elei\u00e7\u00f5es. <\/p>\n<p>Agora, tenha certeza que eu me doei no que pude na campanha, talvez por ser honesto n\u00e3o aceitar malandragens infidelidade e falcatruas, eu desagrade o povo. Benito eu nunca vou esquecer o que Voc\u00ea fez por meu irm\u00e3o, quando teve um problema de sa\u00fade, e voc\u00ea amigo me deu o maior apoio, ficarei grato a voc\u00ea. pelo resto da minha vida. <\/p>\n<p>Amigo, continuarei no partido seu, continuarei te ajudando no cargo qualquer que venha a se candidatar. <\/p>\n<p>Coloco de volta nas suas m\u00e3os a Presid\u00eancia do nosso partido em Ilh\u00e9us, continuarei ajudando quem voc\u00ea indicar. Portanto fique a vontade, estarei sempre do seu lado. Um forte abra\u00e7o, do amigo as ordens aqui em nossa Cidade. <\/p>\n<p>Carlos Freitas<br \/>\nPresidente do PTB Ilh\u00e9us-Ba<\/p>\n","protected":false},"excerpt":{"rendered":"<p>Amigo Benito Gama PRESIDENTE NACIONAL DO PTB: Estive conversando hoje, com Jorge Vianna, e o mesmo me falou que esteve pessoalmente contigo ai em Bras\u00edlia. Olhe amigo, tenha a certeza que na \u00e9poca da sua campanha para Deputado Federal, fiz o que pude e n\u00e3o medir esfor\u00e7os afim de te ajudar. Se n\u00e3o foi o [&hellip;]<\/p>\n","protected":false},"author":2,"featured_media":0,"comment_status":"open","ping_status":"open","sticky":false,"template":"","format":"standard","meta":{"_links_to":"","_links_to_target":""},"categories":[10],"tags":[],"_links":{"self":[{"href":"https:\/\/www.r2cpress.com.br\/v1\/wp-json\/wp\/v2\/posts\/67107"}],"collection":[{"href":"https:\/\/www.r2cpress.com.br\/v1\/wp-json\/wp\/v2\/posts"}],"about":[{"href":"https:\/\/www.r2cpress.com.br\/v1\/wp-json\/wp\/v2\/types\/post"}],"author":[{"embeddable":true,"href":"https:\/\/www.r2cpress.com.br\/v1\/wp-json\/wp\/v2\/users\/2"}],"replies":[{"embeddable":true,"href":"https:\/\/www.r2cpress.com.br\/v1\/wp-json\/wp\/v2\/comments?post=67107"}],"version-history":[{"count":2,"href":"https:\/\/www.r2cpress.com.br\/v1\/wp-json\/wp\/v2\/posts\/67107\/revisions"}],"predecessor-version":[{"id":67109,"href":"https:\/\/www.r2cpress.com.br\/v1\/wp-json\/wp\/v2\/posts\/67107\/revisions\/67109"}],"wp:attachment":[{"href":"https:\/\/www.r2cpress.com.br\/v1\/wp-json\/wp\/v2\/media?parent=67107"}],"wp:term":[{"taxonomy":"category","embeddable":true,"href":"https:\/\/www.r2cpress.com.br\/v1\/wp-json\/wp\/v2\/categories?post=67107"},{"taxonomy":"post_tag","embeddable":true,"href":"https:\/\/www.r2cpress.com.br\/v1\/wp-json\/wp\/v2\/tags?post=67107"}],"curies":[{"name":"wp","href":"https:\/\/api.w.org\/{rel}","templated":true}]}}